{"id":6950,"date":"2024-06-13T11:50:47","date_gmt":"2024-06-13T09:50:47","guid":{"rendered":"https:\/\/agora.xtec.cat\/iescastellbisbal\/?p=6950"},"modified":"2024-06-21T12:02:59","modified_gmt":"2024-06-21T10:02:59","slug":"treball-de-sintesi-de-2n-deso-a-la-masella","status":"publish","type":"post","link":"https:\/\/agora.xtec.cat\/iescastellbisbal\/general\/treball-de-sintesi-de-2n-deso-a-la-masella\/","title":{"rendered":"Treball de s\u00edntesi de 2n d&#8217;ESO a la Masella"},"content":{"rendered":"<p style=\"text-align: justify;\">Els alumnes de 2n d&#8217;ESO estan aquests dies a la Masella per fer el treball de s\u00edntesi d&#8217;activitats a la natura. El primer dia el temps va ser fred i pluj\u00f3s, per\u00f2 tot i aix\u00ed vam poder realitzar les activitats previstes. Avui ja tenim sol i els alumnes estan gaudint de l&#8217;entorn fent escalada, tir a l&#8217;arc, orientaci\u00f3 i itinerari de natura.<\/p>\n<p>Aqu\u00ed us deixem una galeria d&#8217;imatges&#8230;<\/p>\n<p><a href=\"https:\/\/photos.app.goo.gl\/9d6PTi2uFFsM8mr7A\"><img loading=\"lazy\" decoding=\"async\" class=\"size-full wp-image-6954 aligncenter\" src=\"https:\/\/agora.xtec.cat\/iescastellbisbal\/wp-content\/uploads\/usu1\/2024\/06\/24_masella_1.jpg\" alt=\"\" width=\"800\" height=\"600\" srcset=\"https:\/\/agora.xtec.cat\/iescastellbisbal\/wp-content\/uploads\/usu1\/2024\/06\/24_masella_1.jpg 800w, https:\/\/agora.xtec.cat\/iescastellbisbal\/wp-content\/uploads\/usu1\/2024\/06\/24_masella_1-300x225.jpg 300w, https:\/\/agora.xtec.cat\/iescastellbisbal\/wp-content\/uploads\/usu1\/2024\/06\/24_masella_1-768x576.jpg 768w, https:\/\/agora.xtec.cat\/iescastellbisbal\/wp-content\/uploads\/usu1\/2024\/06\/24_masella_1-200x150.jpg 200w\" sizes=\"auto, (max-width: 800px) 100vw, 800px\" \/><\/a><\/p>\n","protected":false},"excerpt":{"rendered":"<p>Els alumnes de 2n d&#8217;ESO estan aquests dies a la Masella per fer el treball de s\u00edntesi d&#8217;activitats a la natura. El primer dia el temps va ser fred i pluj\u00f3s, per\u00f2 tot i aix\u00ed vam poder realitzar les activitats previstes. Avui ja tenim sol&hellip;  <a href=\"https:\/\/agora.xtec.cat\/iescastellbisbal\/general\/treball-de-sintesi-de-2n-deso-a-la-masella\/\" title=\"Read Treball de s\u00edntesi de 2n d&#8217;ESO a la Masella\">Llegeix m\u00e9s\u00bb<\/a><\/p>\n","protected":false},"author":1,"featured_media":6954,"comment_status":"open","ping_status":"closed","sticky":false,"template":"","format":"standard","meta":{"_bbp_topic_count":0,"_bbp_reply_count":0,"_bbp_total_topic_count":0,"_bbp_total_reply_count":0,"_bbp_voice_count":0,"_bbp_anonymous_reply_count":0,"_bbp_topic_count_hidden":0,"_bbp_reply_count_hidden":0,"_bbp_forum_subforum_count":0,"footnotes":""},"categories":[1,29],"tags":[],"class_list":["post-6950","post","type-post","status-publish","format-standard","has-post-thumbnail","hentry","category-general","category-portada"],"post_mailing_queue_ids":[],"_links":{"self":[{"href":"https:\/\/agora.xtec.cat\/iescastellbisbal\/wp-json\/wp\/v2\/posts\/6950","targetHints":{"allow":["GET"]}}],"collection":[{"href":"https:\/\/agora.xtec.cat\/iescastellbisbal\/wp-json\/wp\/v2\/posts"}],"about":[{"href":"https:\/\/agora.xtec.cat\/iescastellbisbal\/wp-json\/wp\/v2\/types\/post"}],"author":[{"embeddable":true,"href":"https:\/\/agora.xtec.cat\/iescastellbisbal\/wp-json\/wp\/v2\/users\/1"}],"replies":[{"embeddable":true,"href":"https:\/\/agora.xtec.cat\/iescastellbisbal\/wp-json\/wp\/v2\/comments?post=6950"}],"version-history":[{"count":5,"href":"https:\/\/agora.xtec.cat\/iescastellbisbal\/wp-json\/wp\/v2\/posts\/6950\/revisions"}],"predecessor-version":[{"id":6956,"href":"https:\/\/agora.xtec.cat\/iescastellbisbal\/wp-json\/wp\/v2\/posts\/6950\/revisions\/6956"}],"wp:featuredmedia":[{"embeddable":true,"href":"https:\/\/agora.xtec.cat\/iescastellbisbal\/wp-json\/wp\/v2\/media\/6954"}],"wp:attachment":[{"href":"https:\/\/agora.xtec.cat\/iescastellbisbal\/wp-json\/wp\/v2\/media?parent=6950"}],"wp:term":[{"taxonomy":"category","embeddable":true,"href":"https:\/\/agora.xtec.cat\/iescastellbisbal\/wp-json\/wp\/v2\/categories?post=6950"},{"taxonomy":"post_tag","embeddable":true,"href":"https:\/\/agora.xtec.cat\/iescastellbisbal\/wp-json\/wp\/v2\/tags?post=6950"}],"curies":[{"name":"wp","href":"https:\/\/api.w.org\/{rel}","templated":true}]}}