{"id":6808,"date":"2024-05-08T12:50:30","date_gmt":"2024-05-08T10:50:30","guid":{"rendered":"https:\/\/agora.xtec.cat\/iescastellbisbal\/?p=6808"},"modified":"2024-05-21T15:58:54","modified_gmt":"2024-05-21T13:58:54","slug":"iia-edicio-diada-de-la-llengua-catalana","status":"publish","type":"post","link":"https:\/\/agora.xtec.cat\/iescastellbisbal\/general\/iia-edicio-diada-de-la-llengua-catalana\/","title":{"rendered":"IIa edici\u00f3 Diada de la Llengua Catalana"},"content":{"rendered":"<p style=\"text-align: justify;\">Gr\u00e0cies a tots els participants de la II\u00aa edici\u00f3 de la Diada de la Llengua Catalana que, en motiu de la celebraci\u00f3 de St. Jordi, ens proposa un bon reguitzell de jocs ling\u00fc\u00edstics per a passar una bona estona i implementar la llengua, sobretot, en el repertori l\u00e8xic.<br \/>\nTamb\u00e9 volem felicitar als concursants del certamen literari. Si voleu saber qui van ser els guardonats dels Jocs Florals, us convidem a fer el visionat! Dura poquet!<br \/>\nGr\u00e0cies a tothom per les creacions liter\u00e0ries!<br \/>\nEnhorabona!<\/p>\n<p><iframe loading=\"lazy\" src=\"\/\/www.youtube.com\/embed\/b19LPEfjPkI\" width=\"560\" height=\"314\" allowfullscreen=\"allowfullscreen\"><\/iframe><\/p>\n","protected":false},"excerpt":{"rendered":"<p>Gr\u00e0cies a tots els participants de la II\u00aa edici\u00f3 de la Diada de la Llengua Catalana que, en motiu de la celebraci\u00f3 de St. Jordi, ens proposa un bon reguitzell de jocs ling\u00fc\u00edstics per a passar una bona estona i implementar la llengua, sobretot, en&hellip;  <a href=\"https:\/\/agora.xtec.cat\/iescastellbisbal\/general\/iia-edicio-diada-de-la-llengua-catalana\/\" title=\"Read IIa edici\u00f3 Diada de la Llengua Catalana\">Llegeix m\u00e9s\u00bb<\/a><\/p>\n","protected":false},"author":1,"featured_media":0,"comment_status":"open","ping_status":"closed","sticky":false,"template":"","format":"standard","meta":{"_bbp_topic_count":0,"_bbp_reply_count":0,"_bbp_total_topic_count":0,"_bbp_total_reply_count":0,"_bbp_voice_count":0,"_bbp_anonymous_reply_count":0,"_bbp_topic_count_hidden":0,"_bbp_reply_count_hidden":0,"_bbp_forum_subforum_count":0,"footnotes":""},"categories":[1,29],"tags":[],"class_list":["post-6808","post","type-post","status-publish","format-standard","hentry","category-general","category-portada"],"post_mailing_queue_ids":[],"_links":{"self":[{"href":"https:\/\/agora.xtec.cat\/iescastellbisbal\/wp-json\/wp\/v2\/posts\/6808","targetHints":{"allow":["GET"]}}],"collection":[{"href":"https:\/\/agora.xtec.cat\/iescastellbisbal\/wp-json\/wp\/v2\/posts"}],"about":[{"href":"https:\/\/agora.xtec.cat\/iescastellbisbal\/wp-json\/wp\/v2\/types\/post"}],"author":[{"embeddable":true,"href":"https:\/\/agora.xtec.cat\/iescastellbisbal\/wp-json\/wp\/v2\/users\/1"}],"replies":[{"embeddable":true,"href":"https:\/\/agora.xtec.cat\/iescastellbisbal\/wp-json\/wp\/v2\/comments?post=6808"}],"version-history":[{"count":4,"href":"https:\/\/agora.xtec.cat\/iescastellbisbal\/wp-json\/wp\/v2\/posts\/6808\/revisions"}],"predecessor-version":[{"id":6812,"href":"https:\/\/agora.xtec.cat\/iescastellbisbal\/wp-json\/wp\/v2\/posts\/6808\/revisions\/6812"}],"wp:attachment":[{"href":"https:\/\/agora.xtec.cat\/iescastellbisbal\/wp-json\/wp\/v2\/media?parent=6808"}],"wp:term":[{"taxonomy":"category","embeddable":true,"href":"https:\/\/agora.xtec.cat\/iescastellbisbal\/wp-json\/wp\/v2\/categories?post=6808"},{"taxonomy":"post_tag","embeddable":true,"href":"https:\/\/agora.xtec.cat\/iescastellbisbal\/wp-json\/wp\/v2\/tags?post=6808"}],"curies":[{"name":"wp","href":"https:\/\/api.w.org\/{rel}","templated":true}]}}