{"id":6267,"date":"2023-11-20T11:56:21","date_gmt":"2023-11-20T10:56:21","guid":{"rendered":"https:\/\/agora.xtec.cat\/iescastellbisbal\/?p=6267"},"modified":"2023-11-30T08:22:29","modified_gmt":"2023-11-30T07:22:29","slug":"concerts-de-la-banda-de-linstitut-castellbisbal","status":"publish","type":"post","link":"https:\/\/agora.xtec.cat\/iescastellbisbal\/general\/concerts-de-la-banda-de-linstitut-castellbisbal\/","title":{"rendered":"Concerts de la Banda de l&#8217;Institut Castellbisbal"},"content":{"rendered":"<p style=\"text-align: justify;\">Aquest curs la Banda de l&#8217;Institut s&#8217;ha estrenat amb dos concerts!!<\/p>\n<p style=\"text-align: justify;\">El passat dia 8 de novembre vam actuar al Centre de Dia El Serral, on els nostres alumnes van oferir un gran concert, amb una gran acollida per part del p\u00fablic i els treballadors del centre.<\/p>\n<p style=\"text-align: justify;\">L&#8217;endem\u00e0, dia 9 de novembre, vam oferir el ja tradicional Concert de Tardor a la Pla\u00e7a Llu\u00eds Companys, per als companys de 1r D, propers integrants de la banda, i el p\u00fablic en general que s&#8217;hi acostava per a gaudir de la m\u00fasica al carrer.<\/p>\n<p style=\"text-align: justify;\">Aquest projecte \u00e9s possible gr\u00e0cies a la col\u00b7laboraci\u00f3 entre l&#8217;Escola de M\u00fasica Miquel Blanch i l&#8217;Institut Castellbisbal, amb el suport de l&#8217;Ajuntament de Castellbisbal.<\/p>\n<p style=\"text-align: justify;\">I, com no, gr\u00e0cies als alumnes que hi han participat i els professors acompanyants.<\/p>\n<p style=\"text-align: justify;\"><strong>Alumnes de 1r C<\/strong>: Aitana Campos, Alan de Sande, D\u00eddac Garc\u00eda, Naia Garc\u00eda, Pol Garc\u00eda, Queralt Ginestet, Nel L\u00f3pez, Izan Lozano, Eric Mu\u00f1oz, Gil Nicolau, Eva Raya, Paula Vega i \u00d3scar Viqueira<br \/>\n<strong>Professors de l&#8217;Institut<\/strong>: Jaume Esteve i Pol P\u00e9rez<br \/>\n<strong>Professors de l&#8217;Escola de M\u00fasica<\/strong>: Oriol Ferr\u00e9 i Leandre Lopes<\/p>\n<table style=\"border-collapse: collapse; width: 100%;\">\n<tbody>\n<tr>\n<td style=\"width: 50%;\"><a href=\"https:\/\/agora.xtec.cat\/iescastellbisbal\/wp-content\/uploads\/usu1\/2023\/11\/musica1.jpg\"><img loading=\"lazy\" decoding=\"async\" class=\"aligncenter wp-image-6272 size-medium\" src=\"https:\/\/agora.xtec.cat\/iescastellbisbal\/wp-content\/uploads\/usu1\/2023\/11\/musica1-300x123.jpg\" alt=\"\" width=\"300\" height=\"123\" srcset=\"https:\/\/agora.xtec.cat\/iescastellbisbal\/wp-content\/uploads\/usu1\/2023\/11\/musica1-300x123.jpg 300w, https:\/\/agora.xtec.cat\/iescastellbisbal\/wp-content\/uploads\/usu1\/2023\/11\/musica1-768x316.jpg 768w, https:\/\/agora.xtec.cat\/iescastellbisbal\/wp-content\/uploads\/usu1\/2023\/11\/musica1.jpg 800w\" sizes=\"auto, (max-width: 300px) 100vw, 300px\" \/><\/a><\/td>\n<td style=\"width: 50%;\"><a href=\"https:\/\/agora.xtec.cat\/iescastellbisbal\/wp-content\/uploads\/usu1\/2023\/11\/musica2.jpg\"><img loading=\"lazy\" decoding=\"async\" class=\"aligncenter wp-image-6273 size-medium\" src=\"https:\/\/agora.xtec.cat\/iescastellbisbal\/wp-content\/uploads\/usu1\/2023\/11\/musica2-300x124.jpg\" alt=\"\" width=\"300\" height=\"124\" srcset=\"https:\/\/agora.xtec.cat\/iescastellbisbal\/wp-content\/uploads\/usu1\/2023\/11\/musica2-300x124.jpg 300w, https:\/\/agora.xtec.cat\/iescastellbisbal\/wp-content\/uploads\/usu1\/2023\/11\/musica2-768x317.jpg 768w, https:\/\/agora.xtec.cat\/iescastellbisbal\/wp-content\/uploads\/usu1\/2023\/11\/musica2.jpg 800w\" sizes=\"auto, (max-width: 300px) 100vw, 300px\" \/><\/a><\/td>\n<\/tr>\n<tr>\n<td style=\"width: 50%;\"><a href=\"https:\/\/agora.xtec.cat\/iescastellbisbal\/wp-content\/uploads\/usu1\/2023\/11\/musica3.jpg\"><img loading=\"lazy\" decoding=\"async\" class=\"aligncenter wp-image-6276 size-medium\" src=\"https:\/\/agora.xtec.cat\/iescastellbisbal\/wp-content\/uploads\/usu1\/2023\/11\/musica3-300x169.jpg\" alt=\"\" width=\"300\" height=\"169\" srcset=\"https:\/\/agora.xtec.cat\/iescastellbisbal\/wp-content\/uploads\/usu1\/2023\/11\/musica3-300x169.jpg 300w, https:\/\/agora.xtec.cat\/iescastellbisbal\/wp-content\/uploads\/usu1\/2023\/11\/musica3-768x432.jpg 768w, https:\/\/agora.xtec.cat\/iescastellbisbal\/wp-content\/uploads\/usu1\/2023\/11\/musica3.jpg 800w\" sizes=\"auto, (max-width: 300px) 100vw, 300px\" \/><\/a><\/td>\n<td style=\"width: 50%;\"><a href=\"https:\/\/agora.xtec.cat\/iescastellbisbal\/wp-content\/uploads\/usu1\/2023\/11\/musica4.jpg\"><img loading=\"lazy\" decoding=\"async\" class=\"aligncenter wp-image-6278 size-medium\" src=\"https:\/\/agora.xtec.cat\/iescastellbisbal\/wp-content\/uploads\/usu1\/2023\/11\/musica4-300x169.jpg\" alt=\"\" width=\"300\" height=\"169\" srcset=\"https:\/\/agora.xtec.cat\/iescastellbisbal\/wp-content\/uploads\/usu1\/2023\/11\/musica4-300x169.jpg 300w, https:\/\/agora.xtec.cat\/iescastellbisbal\/wp-content\/uploads\/usu1\/2023\/11\/musica4-768x432.jpg 768w, https:\/\/agora.xtec.cat\/iescastellbisbal\/wp-content\/uploads\/usu1\/2023\/11\/musica4.jpg 1024w\" sizes=\"auto, (max-width: 300px) 100vw, 300px\" \/><\/a><\/td>\n<\/tr>\n<\/tbody>\n<\/table>\n","protected":false},"excerpt":{"rendered":"<p>Aquest curs la Banda de l&#8217;Institut s&#8217;ha estrenat amb dos concerts!!<br \/>\nEl passat dia 8 de novembre vam actuar al Centre de Dia El Serral, on els nostres alumnes van oferir un gran concert, amb una gran acollida per part del p\u00fablic i els treballadors del&hellip;  <a href=\"https:\/\/agora.xtec.cat\/iescastellbisbal\/general\/concerts-de-la-banda-de-linstitut-castellbisbal\/\" title=\"Read Concerts de la Banda de l&#8217;Institut Castellbisbal\">Llegeix m\u00e9s\u00bb<\/a><\/p>\n","protected":false},"author":1,"featured_media":6272,"comment_status":"open","ping_status":"closed","sticky":false,"template":"","format":"standard","meta":{"_bbp_topic_count":0,"_bbp_reply_count":0,"_bbp_total_topic_count":0,"_bbp_total_reply_count":0,"_bbp_voice_count":0,"_bbp_anonymous_reply_count":0,"_bbp_topic_count_hidden":0,"_bbp_reply_count_hidden":0,"_bbp_forum_subforum_count":0,"footnotes":""},"categories":[1,29],"tags":[],"class_list":["post-6267","post","type-post","status-publish","format-standard","has-post-thumbnail","hentry","category-general","category-portada"],"post_mailing_queue_ids":[],"_links":{"self":[{"href":"https:\/\/agora.xtec.cat\/iescastellbisbal\/wp-json\/wp\/v2\/posts\/6267","targetHints":{"allow":["GET"]}}],"collection":[{"href":"https:\/\/agora.xtec.cat\/iescastellbisbal\/wp-json\/wp\/v2\/posts"}],"about":[{"href":"https:\/\/agora.xtec.cat\/iescastellbisbal\/wp-json\/wp\/v2\/types\/post"}],"author":[{"embeddable":true,"href":"https:\/\/agora.xtec.cat\/iescastellbisbal\/wp-json\/wp\/v2\/users\/1"}],"replies":[{"embeddable":true,"href":"https:\/\/agora.xtec.cat\/iescastellbisbal\/wp-json\/wp\/v2\/comments?post=6267"}],"version-history":[{"count":6,"href":"https:\/\/agora.xtec.cat\/iescastellbisbal\/wp-json\/wp\/v2\/posts\/6267\/revisions"}],"predecessor-version":[{"id":6281,"href":"https:\/\/agora.xtec.cat\/iescastellbisbal\/wp-json\/wp\/v2\/posts\/6267\/revisions\/6281"}],"wp:featuredmedia":[{"embeddable":true,"href":"https:\/\/agora.xtec.cat\/iescastellbisbal\/wp-json\/wp\/v2\/media\/6272"}],"wp:attachment":[{"href":"https:\/\/agora.xtec.cat\/iescastellbisbal\/wp-json\/wp\/v2\/media?parent=6267"}],"wp:term":[{"taxonomy":"category","embeddable":true,"href":"https:\/\/agora.xtec.cat\/iescastellbisbal\/wp-json\/wp\/v2\/categories?post=6267"},{"taxonomy":"post_tag","embeddable":true,"href":"https:\/\/agora.xtec.cat\/iescastellbisbal\/wp-json\/wp\/v2\/tags?post=6267"}],"curies":[{"name":"wp","href":"https:\/\/api.w.org\/{rel}","templated":true}]}}