{"id":5660,"date":"2023-04-14T11:42:59","date_gmt":"2023-04-14T09:42:59","guid":{"rendered":"https:\/\/agora.xtec.cat\/iescastellbisbal\/?p=5660"},"modified":"2023-04-20T14:14:05","modified_gmt":"2023-04-20T12:14:05","slug":"concert-de-la-banda-de-linstitut-3","status":"publish","type":"post","link":"https:\/\/agora.xtec.cat\/iescastellbisbal\/general\/concert-de-la-banda-de-linstitut-3\/","title":{"rendered":"Concert de la Banda de l&#8217;Institut"},"content":{"rendered":"<p style=\"text-align: justify;\"><strong><em>Call and response<\/em><\/strong> \u00e9s una forma musical on s&#8217;alternen melodies de solistes amb respostes grupals. La m\u00fasica afro-americana la va heretar de la m\u00fasica i tradici\u00f3 africana i es va incorporar a estils com el blues. La Banda de l&#8217;Institut us presenta aquest Blues en Fa, enregistrat el passat dia 20 de mar\u00e7 al Concert de Primavera.<\/p>\n<p><iframe loading=\"lazy\" src=\"\/\/www.youtube.com\/embed\/2HtXDnfAm2E\" width=\"560\" height=\"314\" allowfullscreen=\"allowfullscreen\"><\/iframe><\/p>\n<p>&nbsp;<\/p>\n","protected":false},"excerpt":{"rendered":"<p>Call and response \u00e9s una forma musical on s&#8217;alternen melodies de solistes amb respostes grupals. La m\u00fasica afro-americana la va heretar de la m\u00fasica i tradici\u00f3 africana i es va incorporar a estils com el blues. La Banda de l&#8217;Institut us presenta aquest Blues en&hellip;  <a href=\"https:\/\/agora.xtec.cat\/iescastellbisbal\/general\/concert-de-la-banda-de-linstitut-3\/\" title=\"Read Concert de la Banda de l&#8217;Institut\">Llegeix m\u00e9s\u00bb<\/a><\/p>\n","protected":false},"author":1,"featured_media":0,"comment_status":"open","ping_status":"closed","sticky":false,"template":"","format":"standard","meta":{"_bbp_topic_count":0,"_bbp_reply_count":0,"_bbp_total_topic_count":0,"_bbp_total_reply_count":0,"_bbp_voice_count":0,"_bbp_anonymous_reply_count":0,"_bbp_topic_count_hidden":0,"_bbp_reply_count_hidden":0,"_bbp_forum_subforum_count":0,"footnotes":""},"categories":[1,29],"tags":[],"class_list":["post-5660","post","type-post","status-publish","format-standard","hentry","category-general","category-portada"],"post_mailing_queue_ids":[],"_links":{"self":[{"href":"https:\/\/agora.xtec.cat\/iescastellbisbal\/wp-json\/wp\/v2\/posts\/5660","targetHints":{"allow":["GET"]}}],"collection":[{"href":"https:\/\/agora.xtec.cat\/iescastellbisbal\/wp-json\/wp\/v2\/posts"}],"about":[{"href":"https:\/\/agora.xtec.cat\/iescastellbisbal\/wp-json\/wp\/v2\/types\/post"}],"author":[{"embeddable":true,"href":"https:\/\/agora.xtec.cat\/iescastellbisbal\/wp-json\/wp\/v2\/users\/1"}],"replies":[{"embeddable":true,"href":"https:\/\/agora.xtec.cat\/iescastellbisbal\/wp-json\/wp\/v2\/comments?post=5660"}],"version-history":[{"count":3,"href":"https:\/\/agora.xtec.cat\/iescastellbisbal\/wp-json\/wp\/v2\/posts\/5660\/revisions"}],"predecessor-version":[{"id":5664,"href":"https:\/\/agora.xtec.cat\/iescastellbisbal\/wp-json\/wp\/v2\/posts\/5660\/revisions\/5664"}],"wp:attachment":[{"href":"https:\/\/agora.xtec.cat\/iescastellbisbal\/wp-json\/wp\/v2\/media?parent=5660"}],"wp:term":[{"taxonomy":"category","embeddable":true,"href":"https:\/\/agora.xtec.cat\/iescastellbisbal\/wp-json\/wp\/v2\/categories?post=5660"},{"taxonomy":"post_tag","embeddable":true,"href":"https:\/\/agora.xtec.cat\/iescastellbisbal\/wp-json\/wp\/v2\/tags?post=5660"}],"curies":[{"name":"wp","href":"https:\/\/api.w.org\/{rel}","templated":true}]}}