{"id":5641,"date":"2023-04-11T12:32:27","date_gmt":"2023-04-11T10:32:27","guid":{"rendered":"https:\/\/agora.xtec.cat\/iescastellbisbal\/?p=5641"},"modified":"2023-04-14T11:41:46","modified_gmt":"2023-04-14T09:41:46","slug":"linstitut-publica-el-seu-web-destrategia-digital-de-centre","status":"publish","type":"post","link":"https:\/\/agora.xtec.cat\/iescastellbisbal\/general\/linstitut-publica-el-seu-web-destrategia-digital-de-centre\/","title":{"rendered":"L&#8217;Institut publica el seu web d&#8217;estrat\u00e8gia digital de centre"},"content":{"rendered":"<p style=\"text-align: justify;\"><a href=\"https:\/\/sites.google.com\/inscastellbisbal.net\/coordinacidigital\/inici?pli=1\" target=\"_blank\" rel=\"noopener\">Aquest espai web<\/a> est\u00e0 dedicat a explicar l&#8217;Estrat\u00e8gia Digital de Centre de l&#8217;Institut Castellbisbal. L&#8217;EDC t\u00e9, b\u00e0sicament dues parts. La primera part, on s&#8217;explica la part m\u00e9s estrat\u00e8gica (objectius, activitats, planificaci\u00f3, etc.), i on es defineix on vol arribar l&#8217;Institut digitalment parlant. La segona mostra la cultura digital, on es va recollint tot el que l&#8217;Institut ja t\u00e9 establert en l&#8217;\u00e0mbit digital.<\/p>\n<p><a href=\"https:\/\/sites.google.com\/inscastellbisbal.net\/coordinacidigital\/inici?pli=1\"><img loading=\"lazy\" decoding=\"async\" class=\"aligncenter wp-image-5643 size-full\" src=\"https:\/\/agora.xtec.cat\/iescastellbisbal\/wp-content\/uploads\/usu1\/2023\/04\/edc.png\" alt=\"\" width=\"300\" height=\"113\" \/><\/a><\/p>\n","protected":false},"excerpt":{"rendered":"<p><a href=\"https:\/\/sites.google.com\/inscastellbisbal.net\/coordinacidigital\/inici?pli=1\" target=\"_blank\" rel=\"noopener\">Aquest espai web<\/a> est\u00e0 dedicat a explicar l&#8217;Estrat\u00e8gia Digital de Centre de l&#8217;Institut Castellbisbal. L&#8217;EDC t\u00e9, b\u00e0sicament dues parts. La primera part, on s&#8217;explica la part m\u00e9s estrat\u00e8gica (objectius, activitats, planificaci\u00f3, etc.), i on es defineix on vol arribar l&#8217;Institut digitalment parlant.&hellip;  <a href=\"https:\/\/agora.xtec.cat\/iescastellbisbal\/general\/linstitut-publica-el-seu-web-destrategia-digital-de-centre\/\" title=\"Read L&#8217;Institut publica el seu web d&#8217;estrat\u00e8gia digital de centre\">Llegeix m\u00e9s\u00bb<\/a><\/p>\n","protected":false},"author":1,"featured_media":5643,"comment_status":"open","ping_status":"closed","sticky":false,"template":"","format":"standard","meta":{"_bbp_topic_count":0,"_bbp_reply_count":0,"_bbp_total_topic_count":0,"_bbp_total_reply_count":0,"_bbp_voice_count":0,"_bbp_anonymous_reply_count":0,"_bbp_topic_count_hidden":0,"_bbp_reply_count_hidden":0,"_bbp_forum_subforum_count":0,"footnotes":""},"categories":[1,29],"tags":[],"class_list":["post-5641","post","type-post","status-publish","format-standard","has-post-thumbnail","hentry","category-general","category-portada"],"post_mailing_queue_ids":[],"_links":{"self":[{"href":"https:\/\/agora.xtec.cat\/iescastellbisbal\/wp-json\/wp\/v2\/posts\/5641","targetHints":{"allow":["GET"]}}],"collection":[{"href":"https:\/\/agora.xtec.cat\/iescastellbisbal\/wp-json\/wp\/v2\/posts"}],"about":[{"href":"https:\/\/agora.xtec.cat\/iescastellbisbal\/wp-json\/wp\/v2\/types\/post"}],"author":[{"embeddable":true,"href":"https:\/\/agora.xtec.cat\/iescastellbisbal\/wp-json\/wp\/v2\/users\/1"}],"replies":[{"embeddable":true,"href":"https:\/\/agora.xtec.cat\/iescastellbisbal\/wp-json\/wp\/v2\/comments?post=5641"}],"version-history":[{"count":3,"href":"https:\/\/agora.xtec.cat\/iescastellbisbal\/wp-json\/wp\/v2\/posts\/5641\/revisions"}],"predecessor-version":[{"id":5645,"href":"https:\/\/agora.xtec.cat\/iescastellbisbal\/wp-json\/wp\/v2\/posts\/5641\/revisions\/5645"}],"wp:featuredmedia":[{"embeddable":true,"href":"https:\/\/agora.xtec.cat\/iescastellbisbal\/wp-json\/wp\/v2\/media\/5643"}],"wp:attachment":[{"href":"https:\/\/agora.xtec.cat\/iescastellbisbal\/wp-json\/wp\/v2\/media?parent=5641"}],"wp:term":[{"taxonomy":"category","embeddable":true,"href":"https:\/\/agora.xtec.cat\/iescastellbisbal\/wp-json\/wp\/v2\/categories?post=5641"},{"taxonomy":"post_tag","embeddable":true,"href":"https:\/\/agora.xtec.cat\/iescastellbisbal\/wp-json\/wp\/v2\/tags?post=5641"}],"curies":[{"name":"wp","href":"https:\/\/api.w.org\/{rel}","templated":true}]}}