{"id":5526,"date":"2023-01-18T13:02:55","date_gmt":"2023-01-18T12:02:55","guid":{"rendered":"https:\/\/agora.xtec.cat\/iescastellbisbal\/?p=5526"},"modified":"2023-02-01T09:02:18","modified_gmt":"2023-02-01T08:02:18","slug":"el-grup-de-pfi-comerc-a-radio-rubi-i-el-rubi-forma","status":"publish","type":"post","link":"https:\/\/agora.xtec.cat\/iescastellbisbal\/general\/el-grup-de-pfi-comerc-a-radio-rubi-i-el-rubi-forma\/","title":{"rendered":"El grup de PFI Comer\u00e7 a R\u00e0dio Rub\u00ed i el Rub\u00ed Forma"},"content":{"rendered":"<p style=\"text-align: justify;\">Divendres passat els alumnes de PFI de l&#8217;institut vam anar de sortida a la ciutat ve\u00efna de Rub\u00ed.<\/p>\n<p style=\"text-align: justify;\">En el marc del projecte &#8220;Boom! La comunicaci\u00f3&#8221;, vam anar a con\u00e8ixer els estudis de R\u00e0dio Rub\u00ed. Vam aprendre com funciona una emissora, i vam veure les possibilitats que tenim de participar-hi&#8230; fent programes! De fet, estem preparant un programa, que s&#8217;emetr\u00e0 d&#8217;aqu\u00ed a un mes aproximadament.<\/p>\n<p style=\"text-align: justify;\">Aprofitant el viatge vam anar de visita al Rub\u00ed Forma, on es desenvolupa la formaci\u00f3 ocupacional que no passa pels instituts. All\u00e0 vam con\u00e8ixer els tallers i instal\u00b7lacions que tenen, com funcionen les sortides formatives despr\u00e9s de l&#8217;ESO i el PFI i&#8230; fins i tot vam menjar arr\u00f2s i past\u00eds, elaborat per l&#8217;alumnat de restauraci\u00f3 d&#8217;un PFI de Rub\u00ed. La veritat, aix\u00ed val la pena fer sortides!<\/p>\n<p style=\"text-align: justify;\">Tamb\u00e9, de pas, aprenem a moure&#8217;ns en transport p\u00fablic (vam anar en bus, amb el C6), i a tenir recursos per a preparar el nostre futur.<\/p>\n<p style=\"text-align: justify;\">Si vols con\u00e8ixer el que fem, trobar\u00e0s aquesta i altres activitats al nostre perfil d&#8217;<strong>instagram @pfi.castellbisbal<\/strong>.<\/p>\n<table style=\"border-collapse: collapse; width: 100%;\">\n<tbody>\n<tr>\n<td style=\"width: 25%;\"><a href=\"https:\/\/agora.xtec.cat\/iescastellbisbal\/wp-content\/uploads\/usu1\/2023\/01\/pfi_radio1.jpg\"><img loading=\"lazy\" decoding=\"async\" class=\"alignnone size-full wp-image-5530\" src=\"https:\/\/agora.xtec.cat\/iescastellbisbal\/wp-content\/uploads\/usu1\/2023\/01\/pfi_radio1.jpg\" alt=\"\" width=\"600\" height=\"800\" srcset=\"https:\/\/agora.xtec.cat\/iescastellbisbal\/wp-content\/uploads\/usu1\/2023\/01\/pfi_radio1.jpg 600w, https:\/\/agora.xtec.cat\/iescastellbisbal\/wp-content\/uploads\/usu1\/2023\/01\/pfi_radio1-225x300.jpg 225w\" sizes=\"auto, (max-width: 600px) 100vw, 600px\" \/><\/a><\/td>\n<td style=\"width: 25%;\"><a href=\"https:\/\/agora.xtec.cat\/iescastellbisbal\/wp-content\/uploads\/usu1\/2023\/01\/pfi_radio2.jpg\"><img loading=\"lazy\" decoding=\"async\" class=\"alignnone size-full wp-image-5531\" src=\"https:\/\/agora.xtec.cat\/iescastellbisbal\/wp-content\/uploads\/usu1\/2023\/01\/pfi_radio2.jpg\" alt=\"\" width=\"600\" height=\"800\" srcset=\"https:\/\/agora.xtec.cat\/iescastellbisbal\/wp-content\/uploads\/usu1\/2023\/01\/pfi_radio2.jpg 600w, https:\/\/agora.xtec.cat\/iescastellbisbal\/wp-content\/uploads\/usu1\/2023\/01\/pfi_radio2-225x300.jpg 225w\" sizes=\"auto, (max-width: 600px) 100vw, 600px\" \/><\/a><\/td>\n<td style=\"width: 25%;\"><a href=\"https:\/\/agora.xtec.cat\/iescastellbisbal\/wp-content\/uploads\/usu1\/2023\/01\/pfi_radio3.jpg\"><img loading=\"lazy\" decoding=\"async\" class=\"alignnone size-full wp-image-5532\" src=\"https:\/\/agora.xtec.cat\/iescastellbisbal\/wp-content\/uploads\/usu1\/2023\/01\/pfi_radio3.jpg\" alt=\"\" width=\"600\" height=\"800\" srcset=\"https:\/\/agora.xtec.cat\/iescastellbisbal\/wp-content\/uploads\/usu1\/2023\/01\/pfi_radio3.jpg 600w, https:\/\/agora.xtec.cat\/iescastellbisbal\/wp-content\/uploads\/usu1\/2023\/01\/pfi_radio3-225x300.jpg 225w\" sizes=\"auto, (max-width: 600px) 100vw, 600px\" \/><\/a><\/td>\n<td style=\"width: 25%;\"><a href=\"https:\/\/agora.xtec.cat\/iescastellbisbal\/wp-content\/uploads\/usu1\/2023\/01\/pfi_radio4.jpg\"><img loading=\"lazy\" decoding=\"async\" class=\"alignnone size-full wp-image-5533\" src=\"https:\/\/agora.xtec.cat\/iescastellbisbal\/wp-content\/uploads\/usu1\/2023\/01\/pfi_radio4.jpg\" alt=\"\" width=\"600\" height=\"800\" srcset=\"https:\/\/agora.xtec.cat\/iescastellbisbal\/wp-content\/uploads\/usu1\/2023\/01\/pfi_radio4.jpg 600w, https:\/\/agora.xtec.cat\/iescastellbisbal\/wp-content\/uploads\/usu1\/2023\/01\/pfi_radio4-225x300.jpg 225w\" sizes=\"auto, (max-width: 600px) 100vw, 600px\" \/><\/a><\/td>\n<\/tr>\n<\/tbody>\n<\/table>\n","protected":false},"excerpt":{"rendered":"<p>Divendres passat els alumnes de PFI de l&#8217;institut vam anar de sortida a la ciutat ve\u00efna de Rub\u00ed.<br \/>\nEn el marc del projecte &#8220;Boom! La comunicaci\u00f3&#8221;, vam anar a con\u00e8ixer els estudis de R\u00e0dio Rub\u00ed. Vam aprendre com funciona una emissora, i vam veure les possibilitats&hellip;  <a href=\"https:\/\/agora.xtec.cat\/iescastellbisbal\/general\/el-grup-de-pfi-comerc-a-radio-rubi-i-el-rubi-forma\/\" title=\"Read El grup de PFI Comer\u00e7 a R\u00e0dio Rub\u00ed i el Rub\u00ed Forma\">Llegeix m\u00e9s\u00bb<\/a><\/p>\n","protected":false},"author":1,"featured_media":0,"comment_status":"open","ping_status":"closed","sticky":false,"template":"","format":"standard","meta":{"_bbp_topic_count":0,"_bbp_reply_count":0,"_bbp_total_topic_count":0,"_bbp_total_reply_count":0,"_bbp_voice_count":0,"_bbp_anonymous_reply_count":0,"_bbp_topic_count_hidden":0,"_bbp_reply_count_hidden":0,"_bbp_forum_subforum_count":0,"footnotes":""},"categories":[1,29],"tags":[],"class_list":["post-5526","post","type-post","status-publish","format-standard","hentry","category-general","category-portada"],"post_mailing_queue_ids":[],"_links":{"self":[{"href":"https:\/\/agora.xtec.cat\/iescastellbisbal\/wp-json\/wp\/v2\/posts\/5526","targetHints":{"allow":["GET"]}}],"collection":[{"href":"https:\/\/agora.xtec.cat\/iescastellbisbal\/wp-json\/wp\/v2\/posts"}],"about":[{"href":"https:\/\/agora.xtec.cat\/iescastellbisbal\/wp-json\/wp\/v2\/types\/post"}],"author":[{"embeddable":true,"href":"https:\/\/agora.xtec.cat\/iescastellbisbal\/wp-json\/wp\/v2\/users\/1"}],"replies":[{"embeddable":true,"href":"https:\/\/agora.xtec.cat\/iescastellbisbal\/wp-json\/wp\/v2\/comments?post=5526"}],"version-history":[{"count":3,"href":"https:\/\/agora.xtec.cat\/iescastellbisbal\/wp-json\/wp\/v2\/posts\/5526\/revisions"}],"predecessor-version":[{"id":5535,"href":"https:\/\/agora.xtec.cat\/iescastellbisbal\/wp-json\/wp\/v2\/posts\/5526\/revisions\/5535"}],"wp:attachment":[{"href":"https:\/\/agora.xtec.cat\/iescastellbisbal\/wp-json\/wp\/v2\/media?parent=5526"}],"wp:term":[{"taxonomy":"category","embeddable":true,"href":"https:\/\/agora.xtec.cat\/iescastellbisbal\/wp-json\/wp\/v2\/categories?post=5526"},{"taxonomy":"post_tag","embeddable":true,"href":"https:\/\/agora.xtec.cat\/iescastellbisbal\/wp-json\/wp\/v2\/tags?post=5526"}],"curies":[{"name":"wp","href":"https:\/\/api.w.org\/{rel}","templated":true}]}}