{"id":5214,"date":"2022-07-06T09:32:18","date_gmt":"2022-07-06T07:32:18","guid":{"rendered":"https:\/\/agora.xtec.cat\/iescastellbisbal\/?p=5214"},"modified":"2022-09-05T10:26:35","modified_gmt":"2022-09-05T08:26:35","slug":"la-banda-de-musica-de-linstitut","status":"publish","type":"post","link":"https:\/\/agora.xtec.cat\/iescastellbisbal\/general\/la-banda-de-musica-de-linstitut\/","title":{"rendered":"La banda de m\u00fasica de l&#8217;Institut"},"content":{"rendered":"<p style=\"text-align: justify;\">La versi\u00f3 de Jacques Lavoisier de les variacions Goldberg de J.S.Bach ens ha acompanyat a les classes de banda des del principi del projecte. \u00c9s la sintonia que marca el principi, prepara un ambient relaxat, \u00f2ptim per a preparar la classe i muntar els instruments per a comen\u00e7ar.<br \/>\nTamb\u00e9 ens avisa de qu\u00e8 la sessi\u00f3 est\u00e0 a punt de finalitzar. Quan torna a sonar hem recollir el nostre instrument, guardar-lo a l&#8217;armari, posar la cadira al seu lloc i deixar l&#8217; aula tal i com estava abans de comen\u00e7ar. Aix\u00ed, quedar\u00e0 a punt per a la propera sessi\u00f3.<br \/>\nUs deixem amb l&#8217;\u00faltim dels concerts de la Banda, del passat dia 9 de juny.<br \/>\nBon estiu i ens trobem a la tornada.<\/p>\n<p style=\"text-align: center;\"><iframe loading=\"lazy\" src=\"\/\/www.youtube.com\/embed\/pk4HXwgzp2U\" width=\"400\" height=\"224\" allowfullscreen=\"allowfullscreen\"><\/iframe><\/p>\n<p>&nbsp;<\/p>\n","protected":false},"excerpt":{"rendered":"<p>La versi\u00f3 de Jacques Lavoisier de les variacions Goldberg de J.S.Bach ens ha acompanyat a les classes de banda des del principi del projecte. \u00c9s la sintonia que marca el principi, prepara un ambient relaxat, \u00f2ptim per a preparar la classe i muntar els instruments&hellip;  <a href=\"https:\/\/agora.xtec.cat\/iescastellbisbal\/general\/la-banda-de-musica-de-linstitut\/\" title=\"Read La banda de m\u00fasica de l&#8217;Institut\">Llegeix m\u00e9s\u00bb<\/a><\/p>\n","protected":false},"author":1,"featured_media":0,"comment_status":"open","ping_status":"closed","sticky":false,"template":"","format":"standard","meta":{"_bbp_topic_count":0,"_bbp_reply_count":0,"_bbp_total_topic_count":0,"_bbp_total_reply_count":0,"_bbp_voice_count":0,"_bbp_anonymous_reply_count":0,"_bbp_topic_count_hidden":0,"_bbp_reply_count_hidden":0,"_bbp_forum_subforum_count":0,"footnotes":""},"categories":[1,29],"tags":[],"class_list":["post-5214","post","type-post","status-publish","format-standard","hentry","category-general","category-portada"],"post_mailing_queue_ids":[],"_links":{"self":[{"href":"https:\/\/agora.xtec.cat\/iescastellbisbal\/wp-json\/wp\/v2\/posts\/5214","targetHints":{"allow":["GET"]}}],"collection":[{"href":"https:\/\/agora.xtec.cat\/iescastellbisbal\/wp-json\/wp\/v2\/posts"}],"about":[{"href":"https:\/\/agora.xtec.cat\/iescastellbisbal\/wp-json\/wp\/v2\/types\/post"}],"author":[{"embeddable":true,"href":"https:\/\/agora.xtec.cat\/iescastellbisbal\/wp-json\/wp\/v2\/users\/1"}],"replies":[{"embeddable":true,"href":"https:\/\/agora.xtec.cat\/iescastellbisbal\/wp-json\/wp\/v2\/comments?post=5214"}],"version-history":[{"count":3,"href":"https:\/\/agora.xtec.cat\/iescastellbisbal\/wp-json\/wp\/v2\/posts\/5214\/revisions"}],"predecessor-version":[{"id":5217,"href":"https:\/\/agora.xtec.cat\/iescastellbisbal\/wp-json\/wp\/v2\/posts\/5214\/revisions\/5217"}],"wp:attachment":[{"href":"https:\/\/agora.xtec.cat\/iescastellbisbal\/wp-json\/wp\/v2\/media?parent=5214"}],"wp:term":[{"taxonomy":"category","embeddable":true,"href":"https:\/\/agora.xtec.cat\/iescastellbisbal\/wp-json\/wp\/v2\/categories?post=5214"},{"taxonomy":"post_tag","embeddable":true,"href":"https:\/\/agora.xtec.cat\/iescastellbisbal\/wp-json\/wp\/v2\/tags?post=5214"}],"curies":[{"name":"wp","href":"https:\/\/api.w.org\/{rel}","templated":true}]}}