{"id":4740,"date":"2022-02-09T11:47:53","date_gmt":"2022-02-09T10:47:53","guid":{"rendered":"https:\/\/agora.xtec.cat\/iescastellbisbal\/?p=4740"},"modified":"2022-03-04T17:59:40","modified_gmt":"2022-03-04T16:59:40","slug":"jornada-portes-obertes-2022","status":"publish","type":"post","link":"https:\/\/agora.xtec.cat\/iescastellbisbal\/general\/jornada-portes-obertes-2022\/","title":{"rendered":"Jornada Portes Obertes 2022"},"content":{"rendered":"<p style=\"text-align: justify;\">At\u00e8s que properament s&#8217;iniciar\u00e0 el per\u00edode de preinscripci\u00f3 per al curs escolar 2022-2023, l&#8217;Institut obrir\u00e0 les portes a les fam\u00edlies els dies <strong>5 i 7 de mar\u00e7<\/strong>, amb l&#8217;objectiu que aquestes puguin veure el centre, i con\u00e8ixer com treballem. Donades les circumst\u00e0ncies sanit\u00e0ries en les quals ens trobem, la Jornada de portes obertes tindr\u00e0 un format redu\u00eft, caldr\u00e0 reservar cita pr\u00e8via i es limitar\u00e0 el nombre de persones per unitat familiar a un m\u00e0xim de tres membres.<\/p>\n<p style=\"text-align: justify;\">La reserva es pot fer <strong>a partir del dilluns dia 14 de febrer<\/strong> des d&#8217;aquest enlla\u00e7:<\/p>\n<table class=\" aligncenter\" style=\"border-style: solid; border-color: #000000; background-color: #b2dbd7;\" cellpadding=\"700\">\n<tbody>\n<tr>\n<th style=\"text-align: center; vertical-align: middle;\" scope=\"col\">\n<h1><a href=\"https:\/\/aplicacions.gestioeducativa.gencat.cat\/pls\/apex\/f?p=CITA_PREVIA:4::::4:P4_TIPUS_CALENDARI,P4_DOMINI:01_JPO_O,08053145\" target=\"_blank\" rel=\"noopener noreferrer\">Reserva Jornada portes obertes<\/a><\/h1>\n<\/th>\n<\/tr>\n<\/tbody>\n<\/table>\n<h1 style=\"text-align: center;\"><\/h1>\n","protected":false},"excerpt":{"rendered":"<p>At\u00e8s que properament s&#8217;iniciar\u00e0 el per\u00edode de preinscripci\u00f3 per al curs escolar 2022-2023, l&#8217;Institut obrir\u00e0 les portes a les fam\u00edlies els dies 5 i 7 de mar\u00e7, amb l&#8217;objectiu que aquestes puguin veure el centre, i con\u00e8ixer com treballem. Donades les circumst\u00e0ncies sanit\u00e0ries en les&hellip;  <a href=\"https:\/\/agora.xtec.cat\/iescastellbisbal\/general\/jornada-portes-obertes-2022\/\" title=\"Read Jornada Portes Obertes 2022\">Llegeix m\u00e9s\u00bb<\/a><\/p>\n","protected":false},"author":1,"featured_media":0,"comment_status":"open","ping_status":"closed","sticky":false,"template":"","format":"standard","meta":{"_bbp_topic_count":0,"_bbp_reply_count":0,"_bbp_total_topic_count":0,"_bbp_total_reply_count":0,"_bbp_voice_count":0,"_bbp_anonymous_reply_count":0,"_bbp_topic_count_hidden":0,"_bbp_reply_count_hidden":0,"_bbp_forum_subforum_count":0,"footnotes":""},"categories":[1,29],"tags":[],"class_list":["post-4740","post","type-post","status-publish","format-standard","hentry","category-general","category-portada"],"post_mailing_queue_ids":[],"_links":{"self":[{"href":"https:\/\/agora.xtec.cat\/iescastellbisbal\/wp-json\/wp\/v2\/posts\/4740","targetHints":{"allow":["GET"]}}],"collection":[{"href":"https:\/\/agora.xtec.cat\/iescastellbisbal\/wp-json\/wp\/v2\/posts"}],"about":[{"href":"https:\/\/agora.xtec.cat\/iescastellbisbal\/wp-json\/wp\/v2\/types\/post"}],"author":[{"embeddable":true,"href":"https:\/\/agora.xtec.cat\/iescastellbisbal\/wp-json\/wp\/v2\/users\/1"}],"replies":[{"embeddable":true,"href":"https:\/\/agora.xtec.cat\/iescastellbisbal\/wp-json\/wp\/v2\/comments?post=4740"}],"version-history":[{"count":4,"href":"https:\/\/agora.xtec.cat\/iescastellbisbal\/wp-json\/wp\/v2\/posts\/4740\/revisions"}],"predecessor-version":[{"id":4750,"href":"https:\/\/agora.xtec.cat\/iescastellbisbal\/wp-json\/wp\/v2\/posts\/4740\/revisions\/4750"}],"wp:attachment":[{"href":"https:\/\/agora.xtec.cat\/iescastellbisbal\/wp-json\/wp\/v2\/media?parent=4740"}],"wp:term":[{"taxonomy":"category","embeddable":true,"href":"https:\/\/agora.xtec.cat\/iescastellbisbal\/wp-json\/wp\/v2\/categories?post=4740"},{"taxonomy":"post_tag","embeddable":true,"href":"https:\/\/agora.xtec.cat\/iescastellbisbal\/wp-json\/wp\/v2\/tags?post=4740"}],"curies":[{"name":"wp","href":"https:\/\/api.w.org\/{rel}","templated":true}]}}