{"id":4634,"date":"2021-11-12T14:01:32","date_gmt":"2021-11-12T13:01:32","guid":{"rendered":"https:\/\/agora.xtec.cat\/iescastellbisbal\/?p=4634"},"modified":"2021-11-12T14:11:12","modified_gmt":"2021-11-12T13:11:12","slug":"taller-jo-soc-rar","status":"publish","type":"post","link":"https:\/\/agora.xtec.cat\/iescastellbisbal\/general\/taller-jo-soc-rar\/","title":{"rendered":"Taller &#8220;Jo s\u00f3c rar.&#8221;"},"content":{"rendered":"<p style=\"text-align: justified;\">Aquesta setmana els alumnes de 1r d&#8217;ESO han participat en el taller &#8220;Jo s\u00f3c rar&#8221;. L&#8217;expressi\u00f3 RAR vol evocar tres conceptes clau: responsabilitat, autonomia i respecte. A partir d&#8217;unes fitxes amb personatges fant\u00e0stics basats en suposats habitants de diferents astres del sistema solar, han treballat el sentit i la import\u00e0ncia dels valors socials, aix\u00ed com les implicacions que se&#8217;n deriven per a un mateix, per als altres i per a la societat.<\/p>\n<p><a href=\"https:\/\/agora.xtec.cat\/iescastellbisbal\/wp-content\/uploads\/usu1\/2021\/11\/rar2.jpg\"><img loading=\"lazy\" decoding=\"async\" class=\"alignnone size-full wp-image-4640\" src=\"https:\/\/agora.xtec.cat\/iescastellbisbal\/wp-content\/uploads\/usu1\/2021\/11\/rar2.jpg\" alt=\"\" width=\"600\" height=\"338\" srcset=\"https:\/\/agora.xtec.cat\/iescastellbisbal\/wp-content\/uploads\/usu1\/2021\/11\/rar2.jpg 600w, https:\/\/agora.xtec.cat\/iescastellbisbal\/wp-content\/uploads\/usu1\/2021\/11\/rar2-300x169.jpg 300w\" sizes=\"auto, (max-width: 600px) 100vw, 600px\" \/><\/a><\/p>\n<p><a href=\"https:\/\/agora.xtec.cat\/iescastellbisbal\/wp-content\/uploads\/usu1\/2021\/11\/rar1.jpg\"><img loading=\"lazy\" decoding=\"async\" class=\"alignnone size-full wp-image-4637\" src=\"https:\/\/agora.xtec.cat\/iescastellbisbal\/wp-content\/uploads\/usu1\/2021\/11\/rar1.jpg\" alt=\"\" width=\"600\" height=\"338\" srcset=\"https:\/\/agora.xtec.cat\/iescastellbisbal\/wp-content\/uploads\/usu1\/2021\/11\/rar1.jpg 600w, https:\/\/agora.xtec.cat\/iescastellbisbal\/wp-content\/uploads\/usu1\/2021\/11\/rar1-300x169.jpg 300w\" sizes=\"auto, (max-width: 600px) 100vw, 600px\" \/><\/a><\/p>\n","protected":false},"excerpt":{"rendered":"<p>Aquesta setmana els alumnes de 1r d&#8217;ESO han participat en el taller &#8220;Jo s\u00f3c rar&#8221;. L&#8217;expressi\u00f3 RAR vol evocar tres conceptes clau: responsabilitat, autonomia i respecte. A partir d&#8217;unes fitxes amb personatges fant\u00e0stics basats en suposats habitants de diferents astres del sistema solar, han treballat el sentit i la import\u00e0ncia dels valors socials, aix\u00ed com [&hellip;]<\/p>\n","protected":false},"author":1,"featured_media":0,"comment_status":"open","ping_status":"closed","sticky":false,"template":"","format":"standard","meta":{"_bbp_topic_count":0,"_bbp_reply_count":0,"_bbp_total_topic_count":0,"_bbp_total_reply_count":0,"_bbp_voice_count":0,"_bbp_anonymous_reply_count":0,"_bbp_topic_count_hidden":0,"_bbp_reply_count_hidden":0,"_bbp_forum_subforum_count":0,"site-sidebar-layout":"default","site-content-layout":"","ast-site-content-layout":"","site-content-style":"default","site-sidebar-style":"default","ast-global-header-display":"","ast-banner-title-visibility":"","ast-main-header-display":"","ast-hfb-above-header-display":"","ast-hfb-below-header-display":"","ast-hfb-mobile-header-display":"","site-post-title":"","ast-breadcrumbs-content":"","ast-featured-img":"","footer-sml-layout":"","theme-transparent-header-meta":"","adv-header-id-meta":"","stick-header-meta":"","header-above-stick-meta":"","header-main-stick-meta":"","header-below-stick-meta":"","astra-migrate-meta-layouts":"default","ast-page-background-enabled":"default","ast-page-background-meta":{"desktop":{"background-color":"var(--ast-global-color-4)","background-image":"","background-repeat":"repeat","background-position":"center center","background-size":"auto","background-attachment":"scroll","background-type":"","background-media":"","overlay-type":"","overlay-color":"","overlay-opacity":"","overlay-gradient":""},"tablet":{"background-color":"","background-image":"","background-repeat":"repeat","background-position":"center center","background-size":"auto","background-attachment":"scroll","background-type":"","background-media":"","overlay-type":"","overlay-color":"","overlay-opacity":"","overlay-gradient":""},"mobile":{"background-color":"","background-image":"","background-repeat":"repeat","background-position":"center center","background-size":"auto","background-attachment":"scroll","background-type":"","background-media":"","overlay-type":"","overlay-color":"","overlay-opacity":"","overlay-gradient":""}},"ast-content-background-meta":{"desktop":{"background-color":"var(--ast-global-color-5)","background-image":"","background-repeat":"repeat","background-position":"center center","background-size":"auto","background-attachment":"scroll","background-type":"","background-media":"","overlay-type":"","overlay-color":"","overlay-opacity":"","overlay-gradient":""},"tablet":{"background-color":"var(--ast-global-color-5)","background-image":"","background-repeat":"repeat","background-position":"center center","background-size":"auto","background-attachment":"scroll","background-type":"","background-media":"","overlay-type":"","overlay-color":"","overlay-opacity":"","overlay-gradient":""},"mobile":{"background-color":"var(--ast-global-color-5)","background-image":"","background-repeat":"repeat","background-position":"center center","background-size":"auto","background-attachment":"scroll","background-type":"","background-media":"","overlay-type":"","overlay-color":"","overlay-opacity":"","overlay-gradient":""}},"footnotes":""},"categories":[1,29],"tags":[],"class_list":["post-4634","post","type-post","status-publish","format-standard","hentry","category-general","category-portada"],"post_mailing_queue_ids":[],"_links":{"self":[{"href":"https:\/\/agora.xtec.cat\/iescastellbisbal\/wp-json\/wp\/v2\/posts\/4634","targetHints":{"allow":["GET"]}}],"collection":[{"href":"https:\/\/agora.xtec.cat\/iescastellbisbal\/wp-json\/wp\/v2\/posts"}],"about":[{"href":"https:\/\/agora.xtec.cat\/iescastellbisbal\/wp-json\/wp\/v2\/types\/post"}],"author":[{"embeddable":true,"href":"https:\/\/agora.xtec.cat\/iescastellbisbal\/wp-json\/wp\/v2\/users\/1"}],"replies":[{"embeddable":true,"href":"https:\/\/agora.xtec.cat\/iescastellbisbal\/wp-json\/wp\/v2\/comments?post=4634"}],"version-history":[{"count":4,"href":"https:\/\/agora.xtec.cat\/iescastellbisbal\/wp-json\/wp\/v2\/posts\/4634\/revisions"}],"predecessor-version":[{"id":4642,"href":"https:\/\/agora.xtec.cat\/iescastellbisbal\/wp-json\/wp\/v2\/posts\/4634\/revisions\/4642"}],"wp:attachment":[{"href":"https:\/\/agora.xtec.cat\/iescastellbisbal\/wp-json\/wp\/v2\/media?parent=4634"}],"wp:term":[{"taxonomy":"category","embeddable":true,"href":"https:\/\/agora.xtec.cat\/iescastellbisbal\/wp-json\/wp\/v2\/categories?post=4634"},{"taxonomy":"post_tag","embeddable":true,"href":"https:\/\/agora.xtec.cat\/iescastellbisbal\/wp-json\/wp\/v2\/tags?post=4634"}],"curies":[{"name":"wp","href":"https:\/\/api.w.org\/{rel}","templated":true}]}}