{"id":2861,"date":"2018-05-21T08:27:00","date_gmt":"2018-05-21T06:27:00","guid":{"rendered":"http:\/\/agora.xtec.cat\/iescastellbisbal\/?p=2861"},"modified":"2018-05-30T08:38:15","modified_gmt":"2018-05-30T06:38:15","slug":"preinscripcio-estudis-postobligatoris-i-pfi-curs-2018-2019","status":"publish","type":"post","link":"https:\/\/agora.xtec.cat\/iescastellbisbal\/general\/preinscripcio-estudis-postobligatoris-i-pfi-curs-2018-2019\/","title":{"rendered":"Preinscripci\u00f3 estudis postobligatoris i PFI. Curs 2018-2019"},"content":{"rendered":"<div align=\"left\"><span style=\"font-size: medium;\"><strong><img decoding=\"async\" src=\"http:\/\/agora.xtec.cat\/iescastellbisbal\/wp-content\/uploads\/usu1\/2016\/06\/noticia.gif\" \/>Calendari de preinscripci\u00f3 Batxillerat, Cicle Formatiu i PFI. <\/strong><\/span><span style=\"font-size: medium;\"><strong>Curs 2018-2019<\/strong><\/span><\/div>\n<p>El mes de maig s&#8217;obre el termini de preinscripci\u00f3 de l&#8217;alumnat de postobligat\u00f2ria. Per presentar les sol\u00b7licituds corresponents cal que us adreceu a la secretaria del centre dins d&#8217;<a href=\"http:\/\/agora.xtec.cat\/iescastellbisbal\/secretaria\/\" target=\"_blank\" rel=\"noopener noreferrer\">aquest horari<\/a>.<\/p>\n<h3><strong>Batxillerat i cicle formatiu<\/strong><\/h3>\n<p>El calendari de tot el proc\u00e9s de preinscripci\u00f3 i matriculaci\u00f3 \u00e9s el seg\u00fcent:<\/p>\n<table style=\"width: 100%;\" border=\"1\" cellspacing=\"1\" cellpadding=\"1\">\n<tbody>\n<tr>\n<td style=\"width: 70%;\">Per\u00edode de presentaci\u00f3 de sol\u00b7licituds<\/td>\n<td style=\"width: 30%;\" align=\"center\">Del 14 al 24 de maig<\/td>\n<\/tr>\n<tr>\n<td style=\"width: 70%;\">Publicaci\u00f3 de relacions baremades de sol\u00b7licituds<\/td>\n<td style=\"width: 30%;\" align=\"center\">5 de juny<\/td>\n<\/tr>\n<tr>\n<td style=\"width: 70%;\">Per\u00edode de reclamacions de la llista de baremaci\u00f3 provisional<\/td>\n<td style=\"width: 30%;\" align=\"center\">Del 6 al 8 de juny<\/td>\n<\/tr>\n<tr>\n<td style=\"width: 70%;\">Publicaci\u00f3 de relacions baremades definitives<\/td>\n<td style=\"width: 30%;\" align=\"center\">18 de juny<\/td>\n<\/tr>\n<tr>\n<td style=\"width: 70%;\">Publicaci\u00f3 de l&#8217;oferta final<\/td>\n<td style=\"width: 30%;\" align=\"center\">29 de juny<\/td>\n<\/tr>\n<tr>\n<td style=\"width: 70%;\">Llistes definitives d&#8217;alumnes admesos<\/td>\n<td style=\"width: 30%;\" align=\"center\">3 de juliol<\/td>\n<\/tr>\n<tr>\n<td style=\"width: 70%;\">Per\u00edode de matr\u00edcula<br \/>\nPer\u00edode de matr\u00edcula extraordin\u00e0ria (alumnes de batxillerat pendents d&#8217;ex\u00e0mens de setembre)<\/td>\n<td style=\"width: 30%;\" align=\"center\">Del 4 al 11 de juliol<br \/>\nDel 5 al 7 de setembre<\/td>\n<\/tr>\n<\/tbody>\n<\/table>\n<p>Podeu trobar m\u00e9s informaci\u00f3 sobre aquest proc\u00e9s i tamb\u00e9 els impresos que cal omplir a <a href=\"http:\/\/www.gencat.cat\/preinscripcio\/\" target=\"_blank\" rel=\"noopener noreferrer\">la p\u00e0gina web del Departament d&#8217;Ensenyament<\/a> i en <a href=\"https:\/\/agora.xtec.cat\/iescastellbisbal\/docs\/preinscripcio-2018-postobligatoria\/?bp-attachment=preinscripcio_postobligatoria_1819.pdf\" target=\"_blank\" rel=\"noopener noreferrer\">aquest document<\/a>.<\/p>\n<h3><strong>PFI<\/strong><\/h3>\n<table>\n<tbody>\n<tr>\n<td>Informaci\u00f3 calendari i documentaci\u00f3 <a href=\"https:\/\/agora.xtec.cat\/iescastellbisbal\/docs\/preinscripcio-2018-pfi\/?bp-attachment=preinscripcio_pfi.pdf\" target=\"_blank\" rel=\"noopener noreferrer\">aqu\u00ed<\/a><\/td>\n<\/tr>\n<\/tbody>\n<\/table>\n","protected":false},"excerpt":{"rendered":"<p>Calendari de preinscripci\u00f3 Batxillerat, Cicle Formatiu i PFI. Curs 2018-2019<br \/>\nEl mes de maig s&#8217;obre el termini de preinscripci\u00f3 de l&#8217;alumnat de postobligat\u00f2ria. Per presentar les sol\u00b7licituds corresponents cal que us adreceu a la secretaria del centre dins d&#8217;<a href=\"http:\/\/agora.xtec.cat\/iescastellbisbal\/secretaria\/\" target=\"_blank\" rel=\"noopener noreferrer\">aquest horari<\/a>.<br \/>\nBatxillerat i cicle&hellip;  <a href=\"https:\/\/agora.xtec.cat\/iescastellbisbal\/general\/preinscripcio-estudis-postobligatoris-i-pfi-curs-2018-2019\/\" title=\"Read Preinscripci\u00f3 estudis postobligatoris i PFI. Curs 2018-2019\">Llegeix m\u00e9s\u00bb<\/a><\/p>\n","protected":false},"author":1,"featured_media":2862,"comment_status":"open","ping_status":"closed","sticky":false,"template":"","format":"standard","meta":{"_bbp_topic_count":0,"_bbp_reply_count":0,"_bbp_total_topic_count":0,"_bbp_total_reply_count":0,"_bbp_voice_count":0,"_bbp_anonymous_reply_count":0,"_bbp_topic_count_hidden":0,"_bbp_reply_count_hidden":0,"_bbp_forum_subforum_count":0,"footnotes":""},"categories":[1,29],"tags":[],"class_list":["post-2861","post","type-post","status-publish","format-standard","has-post-thumbnail","hentry","category-general","category-portada"],"post_mailing_queue_ids":[],"_links":{"self":[{"href":"https:\/\/agora.xtec.cat\/iescastellbisbal\/wp-json\/wp\/v2\/posts\/2861","targetHints":{"allow":["GET"]}}],"collection":[{"href":"https:\/\/agora.xtec.cat\/iescastellbisbal\/wp-json\/wp\/v2\/posts"}],"about":[{"href":"https:\/\/agora.xtec.cat\/iescastellbisbal\/wp-json\/wp\/v2\/types\/post"}],"author":[{"embeddable":true,"href":"https:\/\/agora.xtec.cat\/iescastellbisbal\/wp-json\/wp\/v2\/users\/1"}],"replies":[{"embeddable":true,"href":"https:\/\/agora.xtec.cat\/iescastellbisbal\/wp-json\/wp\/v2\/comments?post=2861"}],"version-history":[{"count":2,"href":"https:\/\/agora.xtec.cat\/iescastellbisbal\/wp-json\/wp\/v2\/posts\/2861\/revisions"}],"predecessor-version":[{"id":2869,"href":"https:\/\/agora.xtec.cat\/iescastellbisbal\/wp-json\/wp\/v2\/posts\/2861\/revisions\/2869"}],"wp:featuredmedia":[{"embeddable":true,"href":"https:\/\/agora.xtec.cat\/iescastellbisbal\/wp-json\/wp\/v2\/media\/2862"}],"wp:attachment":[{"href":"https:\/\/agora.xtec.cat\/iescastellbisbal\/wp-json\/wp\/v2\/media?parent=2861"}],"wp:term":[{"taxonomy":"category","embeddable":true,"href":"https:\/\/agora.xtec.cat\/iescastellbisbal\/wp-json\/wp\/v2\/categories?post=2861"},{"taxonomy":"post_tag","embeddable":true,"href":"https:\/\/agora.xtec.cat\/iescastellbisbal\/wp-json\/wp\/v2\/tags?post=2861"}],"curies":[{"name":"wp","href":"https:\/\/api.w.org\/{rel}","templated":true}]}}