{"id":2690,"date":"2018-02-14T10:33:32","date_gmt":"2018-02-14T09:33:32","guid":{"rendered":"http:\/\/agora.xtec.cat\/iescastellbisbal\/?p=2690"},"modified":"2018-02-21T09:45:14","modified_gmt":"2018-02-21T08:45:14","slug":"guanyadors-imatge-mes-de-desembre-i-gener","status":"publish","type":"post","link":"https:\/\/agora.xtec.cat\/iescastellbisbal\/general\/guanyadors-imatge-mes-de-desembre-i-gener\/","title":{"rendered":"Guanyadors imatge mes de desembre i gener"},"content":{"rendered":"<p style=\"text-align: justify;\">Enhorabona als participants que van identificar i van donar resposta al Concurs de la imatge del mes de desembre i gener.<br \/>\nLa millor resposta del desembre ha estat considerada la de l\u2019Eric Fern\u00e1ndez 2n ESO:<\/p>\n<table>\n<tbody>\n<tr>\n<td>\n<p style=\"text-align: justify;\">&#8220;A la imatge podem veure a Christian Barnard a l&#8217;esquerra i al seu equip. En el mig de la imatge hi ha una maqueta realista d&#8217;un cor. \u00c9s la imatge del mes perqu\u00e8 \u00e9s el primer trasplantament de cor d&#8217;hum\u00e0 a hum\u00e0 de la hist\u00f2ria i es va fer el 3 de Desembre de 1967; mes en el que ens trobem actualment i en el qual es compleixen 50 anys des d\u2019aquesta operaci\u00f3.&#8221;<\/p>\n<p style=\"text-align: justify;\">\n<\/td>\n<td><a style=\"text-align: justify;\" href=\"http:\/\/agora.xtec.cat\/iescastellbisbal\/wp-content\/uploads\/usu1\/2018\/01\/imatge_desembre.png\"><img loading=\"lazy\" decoding=\"async\" class=\"wp-image-2656 size-thumbnail aligncenter\" src=\"http:\/\/agora.xtec.cat\/iescastellbisbal\/wp-content\/uploads\/usu1\/2018\/01\/imatge_desembre-150x150.png\" alt=\"\" width=\"150\" height=\"150\" \/><\/a><\/td>\n<\/tr>\n<\/tbody>\n<\/table>\n<p>Els alumnes que tamb\u00e9 han encertat s\u00f3n els seg\u00fcents:<\/p>\n<p style=\"text-align: justify;\">Paula Balaguer Romero 1r ESO<br \/>\nDaniel Ayll\u00f3n Aranda 1r ESO<br \/>\nSarah Herreros Garc\u00eda 1r ESO<br \/>\nJulian Agustin Gonzalez Prieto 1r ESO<br \/>\nRicard Pastall\u00e9 2n ESO<br \/>\nClaudia Rom\u00e1n Pobo 3r ESO<br \/>\nOlga Clemente 4t ESO<br \/>\nAitana P\u00e9rez de Gracia 4t ESO<br \/>\nRaquel Ramos Terribas 4t ESO<br \/>\nH\u00e9ctor Rodr\u00edguez Calvo 4t ESO<br \/>\nMireia Mu\u00f1oz Zapater POSTOBLIGAT\u00d2RIA<\/p>\n<p style=\"text-align: justify;\">La millor resposta del mes de gener queda atorgada a l\u2019Olga Clemente de 4t ESO:<\/p>\n<table>\n<tbody>\n<tr>\n<td>&#8220;A la imatge es pot veure 3 generacions de peces LEGO. El bloc m\u00e9s antic (extrem superior). \u00c9s la imatge del mes, perqu\u00e8 el dia 28 de febrer es va cremar el taller del fuster Ole Kirk Kristiansen. Degut a aix\u00f2 Kristiansen va veure l&#8217;oportunitat de construir un taller m\u00e9s gran, per ampliar el negoci i per minimitzar costos de producci\u00f3; va comen\u00e7ar a produir versions en miniatura dels seus productes com ajuda de disseny. El fet de veure aquestes maquetes en miniatura, el va inspirar en produir joguines.&#8221;<\/td>\n<td><a href=\"http:\/\/agora.xtec.cat\/iescastellbisbal\/wp-content\/uploads\/usu1\/2018\/02\/imatge_gener.png\"><img loading=\"lazy\" decoding=\"async\" class=\"wp-image-2695 size-thumbnail aligncenter\" src=\"http:\/\/agora.xtec.cat\/iescastellbisbal\/wp-content\/uploads\/usu1\/2018\/02\/imatge_gener-150x150.png\" alt=\"\" width=\"150\" height=\"150\" \/><\/a><\/td>\n<\/tr>\n<\/tbody>\n<\/table>\n<p style=\"text-align: justify;\">Els alumnes que tamb\u00e9 han encertat s\u00f3n els seg\u00fcents:<\/p>\n<p style=\"text-align: justify;\">Julian Agustin Gonzalez Prieto 1r ESO<br \/>\nDaniel Ayll\u00f3n Aranda 1r ESO<br \/>\nPaula Balaguer Romero 1r ESO<br \/>\nSarah Herreros Garcia 1r ESO<br \/>\nOlga Clemente Molina 4t ESO<\/p>\n","protected":false},"excerpt":{"rendered":"<p>Enhorabona als participants que van identificar i van donar resposta al Concurs de la imatge del mes de desembre i gener.<br \/>\nLa millor resposta del desembre ha estat considerada la de l\u2019Eric Fern\u00e1ndez 2n ESO:<\/p>\n<p>&#8220;A la imatge podem veure a Christian Barnard a l&#8217;esquerra i al&hellip;  <a href=\"https:\/\/agora.xtec.cat\/iescastellbisbal\/general\/guanyadors-imatge-mes-de-desembre-i-gener\/\" title=\"Read Guanyadors imatge mes de desembre i gener\">Llegeix m\u00e9s\u00bb<\/a><\/p>\n","protected":false},"author":1,"featured_media":0,"comment_status":"open","ping_status":"closed","sticky":false,"template":"","format":"standard","meta":{"_bbp_topic_count":0,"_bbp_reply_count":0,"_bbp_total_topic_count":0,"_bbp_total_reply_count":0,"_bbp_voice_count":0,"_bbp_anonymous_reply_count":0,"_bbp_topic_count_hidden":0,"_bbp_reply_count_hidden":0,"_bbp_forum_subforum_count":0,"footnotes":""},"categories":[1,29],"tags":[],"class_list":["post-2690","post","type-post","status-publish","format-standard","hentry","category-general","category-portada"],"post_mailing_queue_ids":[],"_links":{"self":[{"href":"https:\/\/agora.xtec.cat\/iescastellbisbal\/wp-json\/wp\/v2\/posts\/2690","targetHints":{"allow":["GET"]}}],"collection":[{"href":"https:\/\/agora.xtec.cat\/iescastellbisbal\/wp-json\/wp\/v2\/posts"}],"about":[{"href":"https:\/\/agora.xtec.cat\/iescastellbisbal\/wp-json\/wp\/v2\/types\/post"}],"author":[{"embeddable":true,"href":"https:\/\/agora.xtec.cat\/iescastellbisbal\/wp-json\/wp\/v2\/users\/1"}],"replies":[{"embeddable":true,"href":"https:\/\/agora.xtec.cat\/iescastellbisbal\/wp-json\/wp\/v2\/comments?post=2690"}],"version-history":[{"count":3,"href":"https:\/\/agora.xtec.cat\/iescastellbisbal\/wp-json\/wp\/v2\/posts\/2690\/revisions"}],"predecessor-version":[{"id":2698,"href":"https:\/\/agora.xtec.cat\/iescastellbisbal\/wp-json\/wp\/v2\/posts\/2690\/revisions\/2698"}],"wp:attachment":[{"href":"https:\/\/agora.xtec.cat\/iescastellbisbal\/wp-json\/wp\/v2\/media?parent=2690"}],"wp:term":[{"taxonomy":"category","embeddable":true,"href":"https:\/\/agora.xtec.cat\/iescastellbisbal\/wp-json\/wp\/v2\/categories?post=2690"},{"taxonomy":"post_tag","embeddable":true,"href":"https:\/\/agora.xtec.cat\/iescastellbisbal\/wp-json\/wp\/v2\/tags?post=2690"}],"curies":[{"name":"wp","href":"https:\/\/api.w.org\/{rel}","templated":true}]}}