{"id":1830,"date":"2016-10-11T14:33:06","date_gmt":"2016-10-11T13:33:06","guid":{"rendered":"http:\/\/agora.xtec.cat\/iescastellbisbal\/?p=1830"},"modified":"2016-10-14T12:26:36","modified_gmt":"2016-10-14T11:26:36","slug":"intercanvi-de-frances","status":"publish","type":"post","link":"https:\/\/agora.xtec.cat\/iescastellbisbal\/general\/intercanvi-de-frances\/","title":{"rendered":"Intercanvi de franc\u00e8s"},"content":{"rendered":"<p style=\"text-align: justify;\">Del dia 9 al dia 16 de desembre deu alumnes de franc\u00e8s de 3r ESO viatjaran a Fran\u00e7a per participar a l&#8217;intercanvi ling\u00fc\u00edstic amb el Coll\u00e8ge Benjamin Malossanne de Saint-Jean-en-Royans. L&#8217;Aitana, l&#8217;\u00c0lex, l&#8217;\u00c1lvaro, l&#8217;Arnau, la Bruna, la Gisela, l&#8217;H\u00e9ctor, la Ivet, la M\u00f2nica i la Paula conviuran durant una setmana amb una fam\u00edlia francesa, fet que els permetr\u00e0 fer una bona immersi\u00f3 en aquesta llengua. A m\u00e9s, visitaran Li\u00f3, Romans-sur-Is\u00e8re i Tournon-sur-Rh\u00f4ne, on podran fer una degustaci\u00f3 de xocolata a la Cit\u00e9 du Chocolat de la casa Valrhona.<\/p>\n<p style=\"text-align: justify;\">Aquesta activitat est\u00e0 organitzada conjuntament amb l&#8217;Ins. Lluis de Requesens de Molins de Rei.<\/p>\n<p style=\"text-align: justify;\"><a href=\"http:\/\/agora.xtec.cat\/iescastellbisbal\/wp-content\/uploads\/usu1\/2016\/10\/alumnes_intercanvi.jpg\"><img loading=\"lazy\" decoding=\"async\" class=\"aligncenter wp-image-1831 size-full\" src=\"http:\/\/agora.xtec.cat\/iescastellbisbal\/wp-content\/uploads\/usu1\/2016\/10\/alumnes_intercanvi.jpg\" alt=\"alumnes_intercanvi\" width=\"600\" height=\"450\" srcset=\"https:\/\/agora.xtec.cat\/iescastellbisbal\/wp-content\/uploads\/usu1\/2016\/10\/alumnes_intercanvi.jpg 600w, https:\/\/agora.xtec.cat\/iescastellbisbal\/wp-content\/uploads\/usu1\/2016\/10\/alumnes_intercanvi-300x225.jpg 300w, https:\/\/agora.xtec.cat\/iescastellbisbal\/wp-content\/uploads\/usu1\/2016\/10\/alumnes_intercanvi-200x150.jpg 200w\" sizes=\"auto, (max-width: 600px) 100vw, 600px\" \/><\/a><\/p>\n","protected":false},"excerpt":{"rendered":"<p>Del dia 9 al dia 16 de desembre deu alumnes de franc\u00e8s de 3r ESO viatjaran a Fran\u00e7a per participar a l&#8217;intercanvi ling\u00fc\u00edstic amb el Coll\u00e8ge Benjamin Malossanne de Saint-Jean-en-Royans. L&#8217;Aitana, l&#8217;\u00c0lex, l&#8217;\u00c1lvaro, l&#8217;Arnau, la Bruna, la Gisela, l&#8217;H\u00e9ctor, la Ivet, la M\u00f2nica i la Paula conviuran durant una setmana amb una fam\u00edlia francesa, fet [&hellip;]<\/p>\n","protected":false},"author":1,"featured_media":1831,"comment_status":"open","ping_status":"open","sticky":false,"template":"","format":"standard","meta":{"_bbp_topic_count":0,"_bbp_reply_count":0,"_bbp_total_topic_count":0,"_bbp_total_reply_count":0,"_bbp_voice_count":0,"_bbp_anonymous_reply_count":0,"_bbp_topic_count_hidden":0,"_bbp_reply_count_hidden":0,"_bbp_forum_subforum_count":0,"site-sidebar-layout":"default","site-content-layout":"","ast-site-content-layout":"","site-content-style":"default","site-sidebar-style":"default","ast-global-header-display":"","ast-banner-title-visibility":"","ast-main-header-display":"","ast-hfb-above-header-display":"","ast-hfb-below-header-display":"","ast-hfb-mobile-header-display":"","site-post-title":"","ast-breadcrumbs-content":"","ast-featured-img":"","footer-sml-layout":"","theme-transparent-header-meta":"","adv-header-id-meta":"","stick-header-meta":"","header-above-stick-meta":"","header-main-stick-meta":"","header-below-stick-meta":"","astra-migrate-meta-layouts":"default","ast-page-background-enabled":"default","ast-page-background-meta":{"desktop":{"background-color":"var(--ast-global-color-4)","background-image":"","background-repeat":"repeat","background-position":"center center","background-size":"auto","background-attachment":"scroll","background-type":"","background-media":"","overlay-type":"","overlay-color":"","overlay-opacity":"","overlay-gradient":""},"tablet":{"background-color":"","background-image":"","background-repeat":"repeat","background-position":"center center","background-size":"auto","background-attachment":"scroll","background-type":"","background-media":"","overlay-type":"","overlay-color":"","overlay-opacity":"","overlay-gradient":""},"mobile":{"background-color":"","background-image":"","background-repeat":"repeat","background-position":"center center","background-size":"auto","background-attachment":"scroll","background-type":"","background-media":"","overlay-type":"","overlay-color":"","overlay-opacity":"","overlay-gradient":""}},"ast-content-background-meta":{"desktop":{"background-color":"var(--ast-global-color-5)","background-image":"","background-repeat":"repeat","background-position":"center center","background-size":"auto","background-attachment":"scroll","background-type":"","background-media":"","overlay-type":"","overlay-color":"","overlay-opacity":"","overlay-gradient":""},"tablet":{"background-color":"var(--ast-global-color-5)","background-image":"","background-repeat":"repeat","background-position":"center center","background-size":"auto","background-attachment":"scroll","background-type":"","background-media":"","overlay-type":"","overlay-color":"","overlay-opacity":"","overlay-gradient":""},"mobile":{"background-color":"var(--ast-global-color-5)","background-image":"","background-repeat":"repeat","background-position":"center center","background-size":"auto","background-attachment":"scroll","background-type":"","background-media":"","overlay-type":"","overlay-color":"","overlay-opacity":"","overlay-gradient":""}},"footnotes":""},"categories":[1,29],"tags":[],"class_list":["post-1830","post","type-post","status-publish","format-standard","has-post-thumbnail","hentry","category-general","category-portada"],"post_mailing_queue_ids":[],"_links":{"self":[{"href":"https:\/\/agora.xtec.cat\/iescastellbisbal\/wp-json\/wp\/v2\/posts\/1830","targetHints":{"allow":["GET"]}}],"collection":[{"href":"https:\/\/agora.xtec.cat\/iescastellbisbal\/wp-json\/wp\/v2\/posts"}],"about":[{"href":"https:\/\/agora.xtec.cat\/iescastellbisbal\/wp-json\/wp\/v2\/types\/post"}],"author":[{"embeddable":true,"href":"https:\/\/agora.xtec.cat\/iescastellbisbal\/wp-json\/wp\/v2\/users\/1"}],"replies":[{"embeddable":true,"href":"https:\/\/agora.xtec.cat\/iescastellbisbal\/wp-json\/wp\/v2\/comments?post=1830"}],"version-history":[{"count":3,"href":"https:\/\/agora.xtec.cat\/iescastellbisbal\/wp-json\/wp\/v2\/posts\/1830\/revisions"}],"predecessor-version":[{"id":1838,"href":"https:\/\/agora.xtec.cat\/iescastellbisbal\/wp-json\/wp\/v2\/posts\/1830\/revisions\/1838"}],"wp:featuredmedia":[{"embeddable":true,"href":"https:\/\/agora.xtec.cat\/iescastellbisbal\/wp-json\/wp\/v2\/media\/1831"}],"wp:attachment":[{"href":"https:\/\/agora.xtec.cat\/iescastellbisbal\/wp-json\/wp\/v2\/media?parent=1830"}],"wp:term":[{"taxonomy":"category","embeddable":true,"href":"https:\/\/agora.xtec.cat\/iescastellbisbal\/wp-json\/wp\/v2\/categories?post=1830"},{"taxonomy":"post_tag","embeddable":true,"href":"https:\/\/agora.xtec.cat\/iescastellbisbal\/wp-json\/wp\/v2\/tags?post=1830"}],"curies":[{"name":"wp","href":"https:\/\/api.w.org\/{rel}","templated":true}]}}