{"id":1788,"date":"2012-01-24T17:04:00","date_gmt":"2012-01-24T16:04:00","guid":{"rendered":"http:\/\/agora.xtec.cat\/iescasablancas\/general\/llegim-salvador-espriu\/"},"modified":"2012-01-24T17:04:00","modified_gmt":"2012-01-24T16:04:00","slug":"llegim-salvador-espriu","status":"publish","type":"post","link":"https:\/\/agora.xtec.cat\/iescasablancas\/general\/llegim-salvador-espriu\/","title":{"rendered":"LLEGIM SALVADOR ESPRIU"},"content":{"rendered":"<p><span   style=\"  color: rgb(51, 51, 51); line-height: 20px; font-family:Arial, Tahoma, Helvetica, FreeSans, sans-serif;font-size:14px;\"><\/p>\n<div><\/div>\n<div><\/div>\n<p>La poesia d&#8217;Espriu \u00e9s densa i herm\u00e0tica, plena de s\u00edmbols de proced\u00e8ncia diversa. Llegir Espriu exigeix un bagatge cultural que permeta desxifrar tot el seu m\u00f3n m\u00edtic.<span style=\"color: rgb(0, 0, 0); font-family: Times; font-size: medium; line-height: normal; \"><\/p>\n<dl>\n<dd><strong>ASSAIG DE C\u00c0NTIC EN EL TEMPLE<\/strong><\/p>\n<\/dd>\n<dd>Oh, que cansat estic de la meva<\/dd>\n<dd>covarda, vella, tan salvatge terra,<\/dd>\n<dd>i com m&#8217;agradaria d&#8217;allunyar-me&#8217;n,<\/dd>\n<dd>nord enll\u00e0,<\/dd>\n<dd>on diuen que la gent \u00e9s neta<\/dd>\n<dd>i noble, culta, rica, lliure,<\/dd>\n<dd>desvetllada i feli\u00e7!<\/dd>\n<dd>Aleshores, a la congregaci\u00f3, els germans dirien<\/dd>\n<dd>desaprovant: &#8220;Com l&#8217;ocell que deixa el niu,<\/dd>\n<dd>aix\u00ed l&#8217;home que se&#8217;n va del seu indret&#8221;,<\/dd>\n<dd>mentre jo, ja ben lluny, em riuria<\/dd>\n<dd>de la llei i de l&#8217;antiga saviesa<\/dd>\n<dd>d&#8217;aquest meu \u00e0rid poble.<\/dd>\n<dd>Per\u00f2 no he de seguir mai el meu somni<\/dd>\n<dd>i em quedar\u00e9 aqu\u00ed fins a la mort.<\/dd>\n<dd>Car s\u00f3c tamb\u00e9 molt covard i salvatge<\/dd>\n<dd>i estimo a m\u00e9s amb un<\/dd>\n<dd>desesperat dolor<\/dd>\n<dd>aquesta meva pobra,<\/dd>\n<dd>bruta, trista, dissortada p\u00e0tria.<\/p>\n<pre> <\/pre>\n<pre> <\/pre>\n<\/dd>\n<\/dl>\n<dl>\n<dt><\/dt>\n<dd><strong>DE TAN SENZILL, NO T&#8217;AGRADAR\u00c0<\/strong><\/p>\n<\/dd>\n<dd>Cansat de tants de versos que no fan companyia<\/dd>\n<dd>-els admirables versos de savis excel.lents-,<\/dd>\n<dd>i de mirar com passa l&#8217;emperador tot nu,<\/dd>\n<dd>i del gran plany del vent, aquest vell adversari,<\/dd>\n<dd>i de l&#8217;exc\u00e9s de mi, sense missatge,<\/dd>\n<dd>ara us dir\u00e9, amb paraules ben clares,<\/dd>\n<dd>amb crit elemental, lluny d&#8217;artifici,<\/dd>\n<dd>que vull nom\u00e9s parar-me en el cam\u00ed,<\/dd>\n<dd>ja decantat amic de l&#8217;\u00faltima injust\u00edcia,<\/dd>\n<dd>i aja\u00e7ar-me per sempre, sense recan\u00e7a, mort,<\/dd>\n<dd>damunt la bona terra.<\/p>\n<pre> <\/pre>\n<pre> <\/pre>\n<\/dd>\n<\/dl>\n<dl>\n<dt><\/dt>\n<dd><strong>NOVES PARAULES D&#8217;AGUR<\/strong><\/p>\n<\/dd>\n<dd>Ni amb aquest cant de tan perfecta escola,<\/dd>\n<dd>ni amb mots apresos al m\u00e9s savi l\u00e8xic,<\/dd>\n<dd>ni amb rares pauses o subtils silencis,<\/dd>\n<dd>no esgotar\u00e0s tots els noms de la mort.<\/dd>\n<dd>Nom\u00e9s recorda<\/dd>\n<dd>que es diu <em>vell caminant<\/em> i tamb\u00e9 <em>mur<\/em>,<\/dd>\n<dd>i com jo que parlo, i com tu que escoltes.<\/dd>\n<dd>Despr\u00e9s, si aix\u00ed ho vols i t&#8217;agrada,<\/dd>\n<dd>vist que la lluna encara<\/dd>\n<dd>surt puntual de la fredor del mar<\/dd>\n<dd>i el vent, albard\u00e0 foll,<\/dd>\n<dd>xiscla i s&#8217;escampa per les seques vinyes,<\/dd>\n<dd>et ser\u00e0 l\u00edcit de sentir-te culte<\/dd>\n<dd>i, a estones, qui sap si felic\u00edssim.<\/p>\n<pre> <\/pre>\n<pre> <\/pre>\n<\/dd>\n<dd><strong>SENTIT A LA MANERA DE SALVADOR ESPRIU<\/strong><\/p>\n<\/dd>\n<dd>He de pagar el meu vell preu, la mort,<\/dd>\n<dd>i avui els ulls se&#8217;m cansen de la llum.<\/dd>\n<dd>Baixats amb mancament tots els graons,<\/dd>\n<dd>m&#8217;endinsen pel domini de la nit.<\/p>\n<\/dd>\n<dd>Silenci\u00f3s, m&#8217;al\u00e7o rei de la nit<\/dd>\n<dd>i em s\u00e9 servent dels homes de dolor.<\/dd>\n<dd>Ai, com guiar aquest immens dolor<\/dd>\n<dd>al clos de les paraules de la nit?<\/p>\n<\/dd>\n<dd>Passen el vent, el triomf, el rep\u00f2s,<\/dd>\n<dd>per rengles d&#8217;altes flames i d&#8217;arquers.<\/dd>\n<dd>Presoner dels meus morts i del meu nom,<\/dd>\n<dd>esdevinc mur, jo caminat per mi.<\/p>\n<\/dd>\n<dd>I em perdo i s\u00f3c, sense missatge, sol,<\/dd>\n<dd>enll\u00e0 del cant, enmig dels oblidats<\/dd>\n<dd>caiguts amb por, nom\u00e9s un somni fosc<\/dd>\n<dd>del qui sort\u00ed dels palaus de la lluna.<\/dd>\n<\/dl>\n<pre> <\/pre>\n<hr \/>\n<h2><em>Les can\u00e7ons d&#8217;Ariadna<\/em><\/h2>\n<p><em><\/em><\/p>\n<pre> <\/pre>\n<pre> <\/pre>\n<dl>\n<dt><\/dt>\n<dd><strong>JA MAI M\u00c9S NO PODR\u00c9 DORMIR<\/strong><\/p>\n<dl>\n<dt>\n<dl>\n<dt><\/dt>\n<dd><em>Homenatge a Jos\u00e9 Luis L. Aranguren<\/em>.<\/dd>\n<\/dl>\n<\/dt>\n<\/dl>\n<\/dd>\n<dd>Avui el cel<\/dd>\n<dd>\u00e9s ja nom\u00e9s<\/dd>\n<dd>ofec, buidor,<\/dd>\n<dd>ploguda nit<\/dd>\n<dd>al mar, al camp,<\/dd>\n<dd>dolenta m\u00e0.<\/dd>\n<dd>Com que no puc<\/dd>\n<dd>mai m\u00e9s dormir,<\/dd>\n<dd>faig del meu llit<\/dd>\n<dd>por de pres\u00f3.<\/dd>\n<dd>A poc a poc,<\/dd>\n<dd>com un aflor<\/dd>\n<dd>sense perfum,<\/dd>\n<dd>sense color,<\/dd>\n<dd>creix, de l&#8217;arrel<\/dd>\n<dd>del pensament,<\/dd>\n<dd>l&#8217;\u00faltima mort.<\/dd>\n<dd>Dalt, al teulat,<\/dd>\n<dd>urpes de gat<\/dd>\n<dd>esqueixen llargs<\/dd>\n<dd>drapots del gla\u00e7<\/dd>\n<dd>del sentiment.<\/dd>\n<dd>N&#8217;estic content<\/dd>\n<dd>i veig el fum<\/dd>\n<dd>de l&#8217;extingit<\/dd>\n<dd>ram del neguit<\/dd>\n<dd>de llibertat.<\/dd>\n<dd>Indiferent<\/dd>\n<dd>al temps, el vent<\/dd>\n<dd>de zenc, mesell,<\/dd>\n<dd>em bat, penell,<\/dd>\n<dd>rovell enll\u00e0<\/dd>\n<dd>del brut llindar<\/dd>\n<dd>d&#8217;un moll dolor.<\/dd>\n<dd>Negat al plor,<\/dd>\n<dd>al plany, al crit,<\/dd>\n<dd>est\u00e8s al llit,<\/dd>\n<div><\/div>\n<\/dl>\n<p><\/span><\/p>\n<ul style=\"padding-top: 0px; padding-right: 2.5em; padding-bottom: 0px; padding-left: 2.5em; margin-top: 0.5em; margin-right: 0px; margin-bottom: 0.5em; margin-left: 0px; line-height: 1.4; list-style-type: disc; list-style-position: initial; list-style-image: initial; \">\n<li style=\"padding-top: 0px; padding-right: 0px; padding-bottom: 0px; padding-left: 0px; margin-top: 0px; margin-right: 0px; margin-bottom: 0.25em; margin-left: 0px; text-indent: 0px; border-top-style: none; border-top-width: initial; border-top-color: initial; border-right-style: none; border-bottom-style: none; border-left-style: none; border-width: initial; border-color: initial; \">\n<div align=\"justify\">Els temes recurrents s\u00f3n la mort d&#8217;\u00e9ssers estimats, de la llengua i del pa\u00eds, tractada amb to eleg\u00edac, i el comprom\u00eds del poeta amb el seu poble, per al qual demana respecte i toler\u00e0ncia. Predomina el pessimisme en contemplar l&#8217;enfonsament del seu m\u00f3n, que, de vegades, es veu atenuat per la ironia i la s\u00e0tira.<\/div>\n<\/li>\n<li style=\"padding-top: 0px; padding-right: 0px; padding-bottom: 0px; padding-left: 0px; margin-top: 0px; margin-right: 0px; margin-bottom: 0.25em; margin-left: 0px; text-indent: 0px; border-top-style: none; border-top-width: 1px; border-top-color: rgb(119, 119, 119); border-right-style: none; border-bottom-style: none; border-left-style: none; border-width: initial; border-color: initial; \">\n<div align=\"justify\">La recraci\u00f3 mitol\u00f2gica no \u00e9s un recurs utilitzat per a evadir-se de la realitat, sin\u00f3 per a satiritzar, denunciar i moralitzar.<\/div>\n<\/li>\n<li style=\"padding-top: 0px; padding-right: 0px; padding-bottom: 0px; padding-left: 0px; margin-top: 0px; margin-right: 0px; margin-bottom: 0.25em; margin-left: 0px; text-indent: 0px; border-top-style: none; border-top-width: 1px; border-top-color: rgb(119, 119, 119); border-right-style: none; border-bottom-style: none; border-left-style: none; border-width: initial; border-color: initial; \">\n<div align=\"justify\">La mitologia ofereix un gran nombre de s\u00edmbols: Esther, Ant\u00edgona, el cec (D\u00e9u), Sepharad (Espanya), Sinera (la llibertat perduda), etc. Altres s\u00edmbols s\u00f3n producte d&#8217;expressions repetides constantment i posades en relaci\u00f3 amb algun significat abstracte, normalment relacionat amb la mort (pedra, marbre, pous, cisternes&#8230;) o amb la llengua (mot, paraula, llavis, etc.).<\/div>\n<\/li>\n<\/ul>\n<p><\/span><\/p>\n","protected":false},"excerpt":{"rendered":"<p>La poesia d&#8217;Espriu \u00e9s densa i herm\u00e0tica, plena de s\u00edmbols de proced\u00e8ncia diversa. Llegir Espriu exigeix un bagatge cultural que permeta desxifrar tot el seu m\u00f3n m\u00edtic. ASSAIG DE C\u00c0NTIC EN EL TEMPLE Oh, que cansat estic de la meva covarda, vella, tan salvatge terra, i com m&#8217;agradaria d&#8217;allunyar-me&#8217;n, nord enll\u00e0, on diuen que la [&hellip;]<\/p>\n","protected":false},"author":135,"featured_media":0,"comment_status":"open","ping_status":"open","sticky":false,"template":"","format":"standard","meta":{"_bbp_topic_count":0,"_bbp_reply_count":0,"_bbp_total_topic_count":0,"_bbp_total_reply_count":0,"_bbp_voice_count":0,"_bbp_anonymous_reply_count":0,"_bbp_topic_count_hidden":0,"_bbp_reply_count_hidden":0,"_bbp_forum_subforum_count":0,"site-sidebar-layout":"default","site-content-layout":"","ast-site-content-layout":"","site-content-style":"default","site-sidebar-style":"default","ast-global-header-display":"","ast-banner-title-visibility":"","ast-main-header-display":"","ast-hfb-above-header-display":"","ast-hfb-below-header-display":"","ast-hfb-mobile-header-display":"","site-post-title":"","ast-breadcrumbs-content":"","ast-featured-img":"","footer-sml-layout":"","theme-transparent-header-meta":"","adv-header-id-meta":"","stick-header-meta":"","header-above-stick-meta":"","header-main-stick-meta":"","header-below-stick-meta":"","astra-migrate-meta-layouts":"default","ast-page-background-enabled":"default","ast-page-background-meta":{"desktop":{"background-color":"var(--ast-global-color-4)","background-image":"","background-repeat":"repeat","background-position":"center center","background-size":"auto","background-attachment":"scroll","background-type":"","background-media":"","overlay-type":"","overlay-color":"","overlay-opacity":"","overlay-gradient":""},"tablet":{"background-color":"","background-image":"","background-repeat":"repeat","background-position":"center center","background-size":"auto","background-attachment":"scroll","background-type":"","background-media":"","overlay-type":"","overlay-color":"","overlay-opacity":"","overlay-gradient":""},"mobile":{"background-color":"","background-image":"","background-repeat":"repeat","background-position":"center center","background-size":"auto","background-attachment":"scroll","background-type":"","background-media":"","overlay-type":"","overlay-color":"","overlay-opacity":"","overlay-gradient":""}},"ast-content-background-meta":{"desktop":{"background-color":"var(--ast-global-color-5)","background-image":"","background-repeat":"repeat","background-position":"center center","background-size":"auto","background-attachment":"scroll","background-type":"","background-media":"","overlay-type":"","overlay-color":"","overlay-opacity":"","overlay-gradient":""},"tablet":{"background-color":"var(--ast-global-color-5)","background-image":"","background-repeat":"repeat","background-position":"center center","background-size":"auto","background-attachment":"scroll","background-type":"","background-media":"","overlay-type":"","overlay-color":"","overlay-opacity":"","overlay-gradient":""},"mobile":{"background-color":"var(--ast-global-color-5)","background-image":"","background-repeat":"repeat","background-position":"center center","background-size":"auto","background-attachment":"scroll","background-type":"","background-media":"","overlay-type":"","overlay-color":"","overlay-opacity":"","overlay-gradient":""}},"footnotes":""},"categories":[1],"tags":[],"class_list":["post-1788","post","type-post","status-publish","format-standard","hentry","category-general"],"post_mailing_queue_ids":[],"_links":{"self":[{"href":"https:\/\/agora.xtec.cat\/iescasablancas\/wp-json\/wp\/v2\/posts\/1788","targetHints":{"allow":["GET"]}}],"collection":[{"href":"https:\/\/agora.xtec.cat\/iescasablancas\/wp-json\/wp\/v2\/posts"}],"about":[{"href":"https:\/\/agora.xtec.cat\/iescasablancas\/wp-json\/wp\/v2\/types\/post"}],"author":[{"embeddable":true,"href":"https:\/\/agora.xtec.cat\/iescasablancas\/wp-json\/wp\/v2\/users\/135"}],"replies":[{"embeddable":true,"href":"https:\/\/agora.xtec.cat\/iescasablancas\/wp-json\/wp\/v2\/comments?post=1788"}],"version-history":[{"count":0,"href":"https:\/\/agora.xtec.cat\/iescasablancas\/wp-json\/wp\/v2\/posts\/1788\/revisions"}],"wp:attachment":[{"href":"https:\/\/agora.xtec.cat\/iescasablancas\/wp-json\/wp\/v2\/media?parent=1788"}],"wp:term":[{"taxonomy":"category","embeddable":true,"href":"https:\/\/agora.xtec.cat\/iescasablancas\/wp-json\/wp\/v2\/categories?post=1788"},{"taxonomy":"post_tag","embeddable":true,"href":"https:\/\/agora.xtec.cat\/iescasablancas\/wp-json\/wp\/v2\/tags?post=1788"}],"curies":[{"name":"wp","href":"https:\/\/api.w.org\/{rel}","templated":true}]}}