{"id":897,"date":"2017-11-07T19:16:05","date_gmt":"2017-11-07T18:16:05","guid":{"rendered":"http:\/\/blocs.xtec.cat\/insmanuelcarrasco\/?p=897"},"modified":"2017-11-07T19:16:05","modified_gmt":"2017-11-07T18:16:05","slug":"convocatoria-vaga-general-8-novembre","status":"publish","type":"post","link":"https:\/\/agora.xtec.cat\/iescarrascobarcelona\/general\/convocatoria-vaga-general-8-novembre\/","title":{"rendered":"Convocat\u00f2ria vaga general 8 novembre"},"content":{"rendered":"<p>Benvolgudes fam\u00edlies:<\/p>\n<p>En relaci\u00f3 a la convocat\u00f2ria de vaga general que es dur\u00e0 a terme dem\u00e0 dimecres 8 de novembre, volem precisar-vos una s\u00e8rie de consideracions:<\/p>\n<ol>\n<li>L\u2019institut obrir\u00e0 les seves portes i acollir\u00e0 els alumnes amb la voluntat d\u2019oferir la millor atenci\u00f3 possible dins del marc que estableix la normativa legal per cobrir el serveis m\u00ednims.<\/li>\n<li>A hores d\u2019ara ens \u00e9s impossible preveure amb certesa l\u2019afectaci\u00f3 que aquesta convocat\u00f2ria pot tenir dem\u00e0 entre el personal docent del centre.<\/li>\n<li>Respecte a l\u2019assist\u00e8ncia a classe dels vostres fills\/filles, sou vosaltres com a pares els que heu de prendre la decisi\u00f3 que considereu m\u00e9s adequada.<\/li>\n<li>Amb el professorat que vingui dem\u00e0 al centre, atendrem la totalitat de l\u2019alumnat que assisteixi, tot i que no podem garantir el funcionament normal de les classes.<\/li>\n<li>En cas que autoritzeu el vostre fill o filla a no assistir al centre, us preguem que ho comuniqueu tot lliurant el full de comunicaci\u00f3 de falta d\u2019assist\u00e8ncia que trobareu a l\u2019adre\u00e7a seg\u00fcent: <a href=\"https:\/\/sites.google.com\/a\/xtec.cat\/iesmcif\/04-autoritzacions\">https:\/\/sites.google.com\/a\/xtec.cat\/iesmcif\/04-autoritzacions<\/a><\/li>\n<li>Si no podeu lliurar el full amb antelaci\u00f3, si us plau, truqueu al centre (933575254) o envieu-hi un SMS (675373638) dem\u00e0 al mat\u00ed a primera hora.<\/li>\n<\/ol>\n<p>Lamentem els perjudicis que aquesta situaci\u00f3 us pugui ocasionar i ens posem a la vostra disposici\u00f3 per qualsevol dubte que tingueu.<\/p>\n","protected":false},"excerpt":{"rendered":"<p>Benvolgudes fam\u00edlies: En relaci\u00f3 a la convocat\u00f2ria de vaga general que es dur\u00e0 a terme dem\u00e0 dimecres 8 de novembre, volem precisar-vos una s\u00e8rie de consideracions: L\u2019institut obrir\u00e0 les seves portes i acollir\u00e0 els alumnes amb la voluntat d\u2019oferir la millor atenci\u00f3 possible dins del marc que estableix la normativa legal per cobrir el serveis [&hellip;]<\/p>\n","protected":false},"author":1,"featured_media":0,"comment_status":"open","ping_status":"open","sticky":false,"template":"","format":"standard","meta":{"_bbp_topic_count":0,"_bbp_reply_count":0,"_bbp_total_topic_count":0,"_bbp_total_reply_count":0,"_bbp_voice_count":0,"_bbp_anonymous_reply_count":0,"_bbp_topic_count_hidden":0,"_bbp_reply_count_hidden":0,"_bbp_forum_subforum_count":0,"site-sidebar-layout":"default","site-content-layout":"","ast-site-content-layout":"","site-content-style":"default","site-sidebar-style":"default","ast-global-header-display":"","ast-banner-title-visibility":"","ast-main-header-display":"","ast-hfb-above-header-display":"","ast-hfb-below-header-display":"","ast-hfb-mobile-header-display":"","site-post-title":"","ast-breadcrumbs-content":"","ast-featured-img":"","footer-sml-layout":"","theme-transparent-header-meta":"","adv-header-id-meta":"","stick-header-meta":"","header-above-stick-meta":"","header-main-stick-meta":"","header-below-stick-meta":"","astra-migrate-meta-layouts":"default","ast-page-background-enabled":"default","ast-page-background-meta":{"desktop":{"background-color":"var(--ast-global-color-4)","background-image":"","background-repeat":"repeat","background-position":"center center","background-size":"auto","background-attachment":"scroll","background-type":"","background-media":"","overlay-type":"","overlay-color":"","overlay-opacity":"","overlay-gradient":""},"tablet":{"background-color":"","background-image":"","background-repeat":"repeat","background-position":"center center","background-size":"auto","background-attachment":"scroll","background-type":"","background-media":"","overlay-type":"","overlay-color":"","overlay-opacity":"","overlay-gradient":""},"mobile":{"background-color":"","background-image":"","background-repeat":"repeat","background-position":"center center","background-size":"auto","background-attachment":"scroll","background-type":"","background-media":"","overlay-type":"","overlay-color":"","overlay-opacity":"","overlay-gradient":""}},"ast-content-background-meta":{"desktop":{"background-color":"var(--ast-global-color-5)","background-image":"","background-repeat":"repeat","background-position":"center center","background-size":"auto","background-attachment":"scroll","background-type":"","background-media":"","overlay-type":"","overlay-color":"","overlay-opacity":"","overlay-gradient":""},"tablet":{"background-color":"var(--ast-global-color-5)","background-image":"","background-repeat":"repeat","background-position":"center center","background-size":"auto","background-attachment":"scroll","background-type":"","background-media":"","overlay-type":"","overlay-color":"","overlay-opacity":"","overlay-gradient":""},"mobile":{"background-color":"var(--ast-global-color-5)","background-image":"","background-repeat":"repeat","background-position":"center center","background-size":"auto","background-attachment":"scroll","background-type":"","background-media":"","overlay-type":"","overlay-color":"","overlay-opacity":"","overlay-gradient":""}},"footnotes":""},"categories":[1],"tags":[],"class_list":["post-897","post","type-post","status-publish","format-standard","hentry","category-general"],"post_mailing_queue_ids":[],"_links":{"self":[{"href":"https:\/\/agora.xtec.cat\/iescarrascobarcelona\/wp-json\/wp\/v2\/posts\/897","targetHints":{"allow":["GET"]}}],"collection":[{"href":"https:\/\/agora.xtec.cat\/iescarrascobarcelona\/wp-json\/wp\/v2\/posts"}],"about":[{"href":"https:\/\/agora.xtec.cat\/iescarrascobarcelona\/wp-json\/wp\/v2\/types\/post"}],"author":[{"embeddable":true,"href":"https:\/\/agora.xtec.cat\/iescarrascobarcelona\/wp-json\/wp\/v2\/users\/1"}],"replies":[{"embeddable":true,"href":"https:\/\/agora.xtec.cat\/iescarrascobarcelona\/wp-json\/wp\/v2\/comments?post=897"}],"version-history":[{"count":0,"href":"https:\/\/agora.xtec.cat\/iescarrascobarcelona\/wp-json\/wp\/v2\/posts\/897\/revisions"}],"wp:attachment":[{"href":"https:\/\/agora.xtec.cat\/iescarrascobarcelona\/wp-json\/wp\/v2\/media?parent=897"}],"wp:term":[{"taxonomy":"category","embeddable":true,"href":"https:\/\/agora.xtec.cat\/iescarrascobarcelona\/wp-json\/wp\/v2\/categories?post=897"},{"taxonomy":"post_tag","embeddable":true,"href":"https:\/\/agora.xtec.cat\/iescarrascobarcelona\/wp-json\/wp\/v2\/tags?post=897"}],"curies":[{"name":"wp","href":"https:\/\/api.w.org\/{rel}","templated":true}]}}