{"id":1802,"date":"2015-02-08T20:57:53","date_gmt":"2015-02-08T19:57:53","guid":{"rendered":"http:\/\/blocs.xtec.cat\/insmanuelcarrasco\/?p=510"},"modified":"2021-03-10T19:43:02","modified_gmt":"2021-03-10T18:43:02","slug":"prova-davaluacio-de-4t-deso-2015","status":"publish","type":"post","link":"https:\/\/agora.xtec.cat\/iescarrascobarcelona\/general\/prova-davaluacio-de-4t-deso-2015\/","title":{"rendered":"Prova d\u2019avaluaci\u00f3 de 4t d\u2019ESO 2015"},"content":{"rendered":"<p>Per quart any consecutiu es convoca la prova d&#8217;avaluaci\u00f3 de quart curs d&#8217;ESO que avalua les compet\u00e8ncies i coneixements b\u00e0sics que ha d&#8217;haver adquirit l\u2019alumnat al final de l&#8217;educaci\u00f3 secund\u00e0ria obligat\u00f2ria en compet\u00e8ncia comunicativa ling\u00fc\u00edstica i en compet\u00e8ncia matem\u00e0tica. Aquesta prova externa, que elabora i organitza el Consell Superior d&#8217;Avaluaci\u00f3 del Sistema Educatiu, t\u00e9 fonamentalment un car\u00e0cter formatiu i orientador per als alumnes, les fam\u00edlies i els centres i vol ser una eina \u00a0per impulsar la millora global del sistema educatiu catal\u00e0.<\/p>\n<p><strong>La prova s\u2019aplicar\u00e0 el dimarts 10 de febrer i el dimecres 11 de febrer de 2015.<\/strong><\/p>\n<p>Us adjuntem el full informatiu per a les fam\u00edlies que ha elaborat el Departament d\u2019Ensenyament.<\/p>\n<p><a href=\"https:\/\/agora.xtec.cat\/iescarrascobarcelona\/wp-content\/uploads\/usu2495\/2015\/02\/INFORMACI\u00d3-FAM\u00cdLIES-curs-2014-15.pdf\">INFORMACI\u00d3 FAM\u00cdLIES curs 2014-15<\/a><\/p>\n","protected":false},"excerpt":{"rendered":"<p>Per quart any consecutiu es convoca la prova d&#8217;avaluaci\u00f3 de quart curs d&#8217;ESO que avalua les compet\u00e8ncies i coneixements b\u00e0sics que ha d&#8217;haver adquirit l\u2019alumnat al final de l&#8217;educaci\u00f3 secund\u00e0ria obligat\u00f2ria en compet\u00e8ncia comunicativa ling\u00fc\u00edstica i en compet\u00e8ncia matem\u00e0tica. Aquesta prova externa, que elabora i organitza el Consell Superior d&#8217;Avaluaci\u00f3 del Sistema Educatiu, t\u00e9 fonamentalment [&hellip;]<\/p>\n","protected":false},"author":1,"featured_media":0,"comment_status":"open","ping_status":"open","sticky":false,"template":"","format":"standard","meta":{"_bbp_topic_count":0,"_bbp_reply_count":0,"_bbp_total_topic_count":0,"_bbp_total_reply_count":0,"_bbp_voice_count":0,"_bbp_anonymous_reply_count":0,"_bbp_topic_count_hidden":0,"_bbp_reply_count_hidden":0,"_bbp_forum_subforum_count":0,"site-sidebar-layout":"default","site-content-layout":"","ast-site-content-layout":"","site-content-style":"default","site-sidebar-style":"default","ast-global-header-display":"","ast-banner-title-visibility":"","ast-main-header-display":"","ast-hfb-above-header-display":"","ast-hfb-below-header-display":"","ast-hfb-mobile-header-display":"","site-post-title":"","ast-breadcrumbs-content":"","ast-featured-img":"","footer-sml-layout":"","theme-transparent-header-meta":"","adv-header-id-meta":"","stick-header-meta":"","header-above-stick-meta":"","header-main-stick-meta":"","header-below-stick-meta":"","astra-migrate-meta-layouts":"default","ast-page-background-enabled":"default","ast-page-background-meta":{"desktop":{"background-color":"var(--ast-global-color-4)","background-image":"","background-repeat":"repeat","background-position":"center center","background-size":"auto","background-attachment":"scroll","background-type":"","background-media":"","overlay-type":"","overlay-color":"","overlay-opacity":"","overlay-gradient":""},"tablet":{"background-color":"","background-image":"","background-repeat":"repeat","background-position":"center center","background-size":"auto","background-attachment":"scroll","background-type":"","background-media":"","overlay-type":"","overlay-color":"","overlay-opacity":"","overlay-gradient":""},"mobile":{"background-color":"","background-image":"","background-repeat":"repeat","background-position":"center center","background-size":"auto","background-attachment":"scroll","background-type":"","background-media":"","overlay-type":"","overlay-color":"","overlay-opacity":"","overlay-gradient":""}},"ast-content-background-meta":{"desktop":{"background-color":"var(--ast-global-color-5)","background-image":"","background-repeat":"repeat","background-position":"center center","background-size":"auto","background-attachment":"scroll","background-type":"","background-media":"","overlay-type":"","overlay-color":"","overlay-opacity":"","overlay-gradient":""},"tablet":{"background-color":"var(--ast-global-color-5)","background-image":"","background-repeat":"repeat","background-position":"center center","background-size":"auto","background-attachment":"scroll","background-type":"","background-media":"","overlay-type":"","overlay-color":"","overlay-opacity":"","overlay-gradient":""},"mobile":{"background-color":"var(--ast-global-color-5)","background-image":"","background-repeat":"repeat","background-position":"center center","background-size":"auto","background-attachment":"scroll","background-type":"","background-media":"","overlay-type":"","overlay-color":"","overlay-opacity":"","overlay-gradient":""}},"footnotes":""},"categories":[1,115],"tags":[],"class_list":["post-1802","post","type-post","status-publish","format-standard","hentry","category-general","category-recursos_tac"],"post_mailing_queue_ids":[],"_links":{"self":[{"href":"https:\/\/agora.xtec.cat\/iescarrascobarcelona\/wp-json\/wp\/v2\/posts\/1802","targetHints":{"allow":["GET"]}}],"collection":[{"href":"https:\/\/agora.xtec.cat\/iescarrascobarcelona\/wp-json\/wp\/v2\/posts"}],"about":[{"href":"https:\/\/agora.xtec.cat\/iescarrascobarcelona\/wp-json\/wp\/v2\/types\/post"}],"author":[{"embeddable":true,"href":"https:\/\/agora.xtec.cat\/iescarrascobarcelona\/wp-json\/wp\/v2\/users\/1"}],"replies":[{"embeddable":true,"href":"https:\/\/agora.xtec.cat\/iescarrascobarcelona\/wp-json\/wp\/v2\/comments?post=1802"}],"version-history":[{"count":1,"href":"https:\/\/agora.xtec.cat\/iescarrascobarcelona\/wp-json\/wp\/v2\/posts\/1802\/revisions"}],"predecessor-version":[{"id":1904,"href":"https:\/\/agora.xtec.cat\/iescarrascobarcelona\/wp-json\/wp\/v2\/posts\/1802\/revisions\/1904"}],"wp:attachment":[{"href":"https:\/\/agora.xtec.cat\/iescarrascobarcelona\/wp-json\/wp\/v2\/media?parent=1802"}],"wp:term":[{"taxonomy":"category","embeddable":true,"href":"https:\/\/agora.xtec.cat\/iescarrascobarcelona\/wp-json\/wp\/v2\/categories?post=1802"},{"taxonomy":"post_tag","embeddable":true,"href":"https:\/\/agora.xtec.cat\/iescarrascobarcelona\/wp-json\/wp\/v2\/tags?post=1802"}],"curies":[{"name":"wp","href":"https:\/\/api.w.org\/{rel}","templated":true}]}}