{"id":1795,"date":"2014-11-12T19:19:44","date_gmt":"2014-11-12T19:19:44","guid":{"rendered":"http:\/\/blocs.xtec.cat\/insmanuelcarrasco\/?p=457"},"modified":"2014-11-12T19:19:44","modified_gmt":"2014-11-12T19:19:44","slug":"457","status":"publish","type":"post","link":"https:\/\/agora.xtec.cat\/iescarrascobarcelona\/general\/457\/","title":{"rendered":"Eleccions Consell Escolar 2014"},"content":{"rendered":"<p style=\"color: #222222;\"><span lang=\"CA\">Benvolgudes\u00a0fam\u00edlies i alumnat<\/span><\/p>\n<p style=\"color: #222222;\"><span lang=\"CA\">Aquest curs 2014-15 hi ha eleccions al Consell Escolar del nostre institut. La renovaci\u00f3 dels membres \u00e9s parcial i hem de renovar:<\/span><\/p>\n<p style=\"color: #222222;\"><b><span lang=\"CA\">3 representants del professorat<\/span><\/b><\/p>\n<p style=\"color: #222222;\"><b><span lang=\"CA\">1 representant dels pares i mares<\/span><\/b><\/p>\n<p style=\"color: #222222;\"><b><span lang=\"CA\">\u00a02 representants de l\u2019alumnat<\/span><\/b><\/p>\n<p style=\"color: #222222;\">Les eleccions dels representants dels alumnes seran dilluns 24 de novembre de 8.30 h a 11h. del mat\u00ed.<\/p>\n<p style=\"color: #222222;\"><span lang=\"CA\">Les eleccions dels representants dels pares seran dimecres, 26 de novembre de 18h. a 20h a l\u2019institut.<\/span><\/p>\n<p style=\"color: #222222;\"><a href=\"https:\/\/agora.xtec.cat\/iescarrascobarcelona\/wp-content\/uploads\/usu2495\/2014\/11\/calendari_consell_escolar_2014.pdf\">calendari_consell_escolar_2014<\/a><\/p>\n<p><b><span lang=\"CA\" style=\"color: black;\">ANIMEU-VOS A PARTICIPAR!<\/span><\/b> \u00c0ngels Ruiz<\/p>\n<p style=\"color: #222222;\">DIRECTORA<\/p>\n<p style=\"color: #222222;\">\n","protected":false},"excerpt":{"rendered":"<p>Benvolgudes\u00a0fam\u00edlies i alumnat Aquest curs 2014-15 hi ha eleccions al Consell Escolar del nostre institut. La renovaci\u00f3 dels membres \u00e9s parcial i hem de renovar: 3 representants del professorat 1 representant dels pares i mares \u00a02 representants de l\u2019alumnat Les eleccions dels representants dels alumnes seran dilluns 24 de novembre de 8.30 h a 11h. [&hellip;]<\/p>\n","protected":false},"author":1,"featured_media":0,"comment_status":"open","ping_status":"open","sticky":false,"template":"","format":"standard","meta":{"_bbp_topic_count":0,"_bbp_reply_count":0,"_bbp_total_topic_count":0,"_bbp_total_reply_count":0,"_bbp_voice_count":0,"_bbp_anonymous_reply_count":0,"_bbp_topic_count_hidden":0,"_bbp_reply_count_hidden":0,"_bbp_forum_subforum_count":0,"site-sidebar-layout":"default","site-content-layout":"","ast-site-content-layout":"","site-content-style":"default","site-sidebar-style":"default","ast-global-header-display":"","ast-banner-title-visibility":"","ast-main-header-display":"","ast-hfb-above-header-display":"","ast-hfb-below-header-display":"","ast-hfb-mobile-header-display":"","site-post-title":"","ast-breadcrumbs-content":"","ast-featured-img":"","footer-sml-layout":"","theme-transparent-header-meta":"","adv-header-id-meta":"","stick-header-meta":"","header-above-stick-meta":"","header-main-stick-meta":"","header-below-stick-meta":"","astra-migrate-meta-layouts":"default","ast-page-background-enabled":"default","ast-page-background-meta":{"desktop":{"background-color":"var(--ast-global-color-4)","background-image":"","background-repeat":"repeat","background-position":"center center","background-size":"auto","background-attachment":"scroll","background-type":"","background-media":"","overlay-type":"","overlay-color":"","overlay-opacity":"","overlay-gradient":""},"tablet":{"background-color":"","background-image":"","background-repeat":"repeat","background-position":"center center","background-size":"auto","background-attachment":"scroll","background-type":"","background-media":"","overlay-type":"","overlay-color":"","overlay-opacity":"","overlay-gradient":""},"mobile":{"background-color":"","background-image":"","background-repeat":"repeat","background-position":"center center","background-size":"auto","background-attachment":"scroll","background-type":"","background-media":"","overlay-type":"","overlay-color":"","overlay-opacity":"","overlay-gradient":""}},"ast-content-background-meta":{"desktop":{"background-color":"var(--ast-global-color-5)","background-image":"","background-repeat":"repeat","background-position":"center center","background-size":"auto","background-attachment":"scroll","background-type":"","background-media":"","overlay-type":"","overlay-color":"","overlay-opacity":"","overlay-gradient":""},"tablet":{"background-color":"var(--ast-global-color-5)","background-image":"","background-repeat":"repeat","background-position":"center center","background-size":"auto","background-attachment":"scroll","background-type":"","background-media":"","overlay-type":"","overlay-color":"","overlay-opacity":"","overlay-gradient":""},"mobile":{"background-color":"var(--ast-global-color-5)","background-image":"","background-repeat":"repeat","background-position":"center center","background-size":"auto","background-attachment":"scroll","background-type":"","background-media":"","overlay-type":"","overlay-color":"","overlay-opacity":"","overlay-gradient":""}},"footnotes":""},"categories":[1],"tags":[],"class_list":["post-1795","post","type-post","status-publish","format-standard","hentry","category-general"],"post_mailing_queue_ids":[],"_links":{"self":[{"href":"https:\/\/agora.xtec.cat\/iescarrascobarcelona\/wp-json\/wp\/v2\/posts\/1795","targetHints":{"allow":["GET"]}}],"collection":[{"href":"https:\/\/agora.xtec.cat\/iescarrascobarcelona\/wp-json\/wp\/v2\/posts"}],"about":[{"href":"https:\/\/agora.xtec.cat\/iescarrascobarcelona\/wp-json\/wp\/v2\/types\/post"}],"author":[{"embeddable":true,"href":"https:\/\/agora.xtec.cat\/iescarrascobarcelona\/wp-json\/wp\/v2\/users\/1"}],"replies":[{"embeddable":true,"href":"https:\/\/agora.xtec.cat\/iescarrascobarcelona\/wp-json\/wp\/v2\/comments?post=1795"}],"version-history":[{"count":0,"href":"https:\/\/agora.xtec.cat\/iescarrascobarcelona\/wp-json\/wp\/v2\/posts\/1795\/revisions"}],"wp:attachment":[{"href":"https:\/\/agora.xtec.cat\/iescarrascobarcelona\/wp-json\/wp\/v2\/media?parent=1795"}],"wp:term":[{"taxonomy":"category","embeddable":true,"href":"https:\/\/agora.xtec.cat\/iescarrascobarcelona\/wp-json\/wp\/v2\/categories?post=1795"},{"taxonomy":"post_tag","embeddable":true,"href":"https:\/\/agora.xtec.cat\/iescarrascobarcelona\/wp-json\/wp\/v2\/tags?post=1795"}],"curies":[{"name":"wp","href":"https:\/\/api.w.org\/{rel}","templated":true}]}}