{"id":1447,"date":"2020-03-11T23:21:54","date_gmt":"2020-03-11T22:21:54","guid":{"rendered":"http:\/\/blocs.xtec.cat\/insmanuelcarrasco\/?p=1447"},"modified":"2021-03-10T19:39:25","modified_gmt":"2021-03-10T18:39:25","slug":"coronavirus","status":"publish","type":"post","link":"https:\/\/agora.xtec.cat\/iescarrascobarcelona\/general\/coronavirus\/","title":{"rendered":"Coronavirus"},"content":{"rendered":"<p>Aquests dies d&#8217;incertesa i de neguit us recomanem estar ben atents a la <a href=\"http:\/\/ensenyament.gencat.cat\/ca\/actualitat\/coronavirus\/\">p\u00e0gina web d&#8217;actualitat<\/a> del Departament d&#8217;Educaci\u00f3 de la Generalitat de Catalunya.<\/p>\n<p>Tamb\u00e9 val la pena llegir els consells gen\u00e8rics que trobareu a <a href=\"http:\/\/canalsalut.gencat.cat\/ca\/inici\">Canal Salut<\/a><\/p>\n<p>Nosaltres seguirem escrupolosament les indicacions que ens facin arribar des del <a href=\"https:\/\/www.edubcn.cat\/ca\">Consorci d&#8217;Educaci\u00f3 de Barcelona<\/a> aix\u00ed com des del <a href=\"http:\/\/ensenyament.gencat.cat\/ca\/inici\">Departament d&#8217;Ensenyament<\/a>.<\/p>\n<p>En aquests moments s&#8217;estan anul\u00b7lant algunes sortides escolars per\u00f2, en canvi, es mantenen les Jornades de Portes Obertes dels propers dilluns i dimarts 16 i 17 de mar\u00e7. Us mantindrem informats a trav\u00e9s dels nostres canals habituals: Clickedu, Twitter i p\u00e0gina web.<\/p>\n<p>Per altra banda, dijous 12 de mar\u00e7, a les 18:00, s&#8217;ha convocat una reuni\u00f3 extraordin\u00e0ria per parlar de l&#8217;intercanvi de Fran\u00e7a dels alumnes de 3r d&#8217;ESO. \u00c9s molt important l&#8217;assist\u00e8ncia dels pares i mares dels alumnes implicats.<\/p>\n","protected":false},"excerpt":{"rendered":"<p>Aquests dies d&#8217;incertesa i de neguit us recomanem estar ben atents a la p\u00e0gina web d&#8217;actualitat del Departament d&#8217;Educaci\u00f3 de la Generalitat de Catalunya. Tamb\u00e9 val la pena llegir els consells gen\u00e8rics que trobareu a Canal Salut Nosaltres seguirem escrupolosament les indicacions que ens facin arribar des del Consorci d&#8217;Educaci\u00f3 de Barcelona aix\u00ed com des [&hellip;]<\/p>\n","protected":false},"author":1,"featured_media":0,"comment_status":"closed","ping_status":"open","sticky":false,"template":"","format":"standard","meta":{"_bbp_topic_count":0,"_bbp_reply_count":0,"_bbp_total_topic_count":0,"_bbp_total_reply_count":0,"_bbp_voice_count":0,"_bbp_anonymous_reply_count":0,"_bbp_topic_count_hidden":0,"_bbp_reply_count_hidden":0,"_bbp_forum_subforum_count":0,"site-sidebar-layout":"default","site-content-layout":"","ast-site-content-layout":"","site-content-style":"default","site-sidebar-style":"default","ast-global-header-display":"","ast-banner-title-visibility":"","ast-main-header-display":"","ast-hfb-above-header-display":"","ast-hfb-below-header-display":"","ast-hfb-mobile-header-display":"","site-post-title":"","ast-breadcrumbs-content":"","ast-featured-img":"","footer-sml-layout":"","theme-transparent-header-meta":"","adv-header-id-meta":"","stick-header-meta":"","header-above-stick-meta":"","header-main-stick-meta":"","header-below-stick-meta":"","astra-migrate-meta-layouts":"default","ast-page-background-enabled":"default","ast-page-background-meta":{"desktop":{"background-color":"var(--ast-global-color-4)","background-image":"","background-repeat":"repeat","background-position":"center center","background-size":"auto","background-attachment":"scroll","background-type":"","background-media":"","overlay-type":"","overlay-color":"","overlay-opacity":"","overlay-gradient":""},"tablet":{"background-color":"","background-image":"","background-repeat":"repeat","background-position":"center center","background-size":"auto","background-attachment":"scroll","background-type":"","background-media":"","overlay-type":"","overlay-color":"","overlay-opacity":"","overlay-gradient":""},"mobile":{"background-color":"","background-image":"","background-repeat":"repeat","background-position":"center center","background-size":"auto","background-attachment":"scroll","background-type":"","background-media":"","overlay-type":"","overlay-color":"","overlay-opacity":"","overlay-gradient":""}},"ast-content-background-meta":{"desktop":{"background-color":"var(--ast-global-color-5)","background-image":"","background-repeat":"repeat","background-position":"center center","background-size":"auto","background-attachment":"scroll","background-type":"","background-media":"","overlay-type":"","overlay-color":"","overlay-opacity":"","overlay-gradient":""},"tablet":{"background-color":"var(--ast-global-color-5)","background-image":"","background-repeat":"repeat","background-position":"center center","background-size":"auto","background-attachment":"scroll","background-type":"","background-media":"","overlay-type":"","overlay-color":"","overlay-opacity":"","overlay-gradient":""},"mobile":{"background-color":"var(--ast-global-color-5)","background-image":"","background-repeat":"repeat","background-position":"center center","background-size":"auto","background-attachment":"scroll","background-type":"","background-media":"","overlay-type":"","overlay-color":"","overlay-opacity":"","overlay-gradient":""}},"footnotes":""},"categories":[1,115],"tags":[],"class_list":["post-1447","post","type-post","status-publish","format-standard","hentry","category-general","category-recursos_tac"],"post_mailing_queue_ids":[],"_links":{"self":[{"href":"https:\/\/agora.xtec.cat\/iescarrascobarcelona\/wp-json\/wp\/v2\/posts\/1447","targetHints":{"allow":["GET"]}}],"collection":[{"href":"https:\/\/agora.xtec.cat\/iescarrascobarcelona\/wp-json\/wp\/v2\/posts"}],"about":[{"href":"https:\/\/agora.xtec.cat\/iescarrascobarcelona\/wp-json\/wp\/v2\/types\/post"}],"author":[{"embeddable":true,"href":"https:\/\/agora.xtec.cat\/iescarrascobarcelona\/wp-json\/wp\/v2\/users\/1"}],"replies":[{"embeddable":true,"href":"https:\/\/agora.xtec.cat\/iescarrascobarcelona\/wp-json\/wp\/v2\/comments?post=1447"}],"version-history":[{"count":1,"href":"https:\/\/agora.xtec.cat\/iescarrascobarcelona\/wp-json\/wp\/v2\/posts\/1447\/revisions"}],"predecessor-version":[{"id":1841,"href":"https:\/\/agora.xtec.cat\/iescarrascobarcelona\/wp-json\/wp\/v2\/posts\/1447\/revisions\/1841"}],"wp:attachment":[{"href":"https:\/\/agora.xtec.cat\/iescarrascobarcelona\/wp-json\/wp\/v2\/media?parent=1447"}],"wp:term":[{"taxonomy":"category","embeddable":true,"href":"https:\/\/agora.xtec.cat\/iescarrascobarcelona\/wp-json\/wp\/v2\/categories?post=1447"},{"taxonomy":"post_tag","embeddable":true,"href":"https:\/\/agora.xtec.cat\/iescarrascobarcelona\/wp-json\/wp\/v2\/tags?post=1447"}],"curies":[{"name":"wp","href":"https:\/\/api.w.org\/{rel}","templated":true}]}}