{"id":1088,"date":"2019-02-03T20:27:40","date_gmt":"2019-02-03T19:27:40","guid":{"rendered":"http:\/\/blocs.xtec.cat\/insmanuelcarrasco\/?p=1088"},"modified":"2019-02-03T20:27:40","modified_gmt":"2019-02-03T19:27:40","slug":"comenca-lintercanvi-de-franca-2019","status":"publish","type":"post","link":"https:\/\/agora.xtec.cat\/iescarrascobarcelona\/general\/comenca-lintercanvi-de-franca-2019\/","title":{"rendered":"Comen\u00e7a l&#8217;intercanvi de Fran\u00e7a 2019"},"content":{"rendered":"<p>Aquest dilluns 4 de febrer comen\u00e7a l&#8217;intercanvi de Fran\u00e7a. Un total de 21 alumnes de 3r d&#8217;ESO gaudiran d&#8217;aquest magn\u00edfic intercanvi amb alumnes francesos.<\/p>\n<p>EL tren AVE marxar\u00e0 a les 8:25 des de l&#8217;estaci\u00f3 de Sants amb destinaci\u00f3 Lyon.<\/p>\n<p>Us recordem que podreu seguir les not\u00edcies d&#8217;aquesta expedici\u00f3 a trav\u00e9s del nostre <a href=\"https:\/\/twitter.com\/ies_carrasco\">Twitter<\/a> de centre i tamb\u00e9 des de la nostra revista <a href=\"https:\/\/formigueig.wordpress.com\/\">Formigueig Digital<\/a>.<\/p>\n<p><a href=\"https:\/\/agora.xtec.cat\/iescarrascobarcelona\/wp-content\/uploads\/usu2495\/2019\/02\/fran\u00e7a1petit.jpg\"><img loading=\"lazy\" decoding=\"async\" class=\"alignnone size-full wp-image-1090\" src=\"https:\/\/agora.xtec.cat\/iescarrascobarcelona\/wp-content\/uploads\/usu2495\/2019\/02\/fran\u00e7a1petit.jpg\" alt=\"\" width=\"800\" height=\"320\" srcset=\"https:\/\/agora.xtec.cat\/iescarrascobarcelona\/wp-content\/uploads\/usu2495\/2019\/02\/fran\u00e7a1petit.jpg 800w, https:\/\/agora.xtec.cat\/iescarrascobarcelona\/wp-content\/uploads\/usu2495\/2019\/02\/fran\u00e7a1petit-300x120.jpg 300w, https:\/\/agora.xtec.cat\/iescarrascobarcelona\/wp-content\/uploads\/usu2495\/2019\/02\/fran\u00e7a1petit-768x307.jpg 768w\" sizes=\"auto, (max-width: 800px) 100vw, 800px\" \/><\/a><\/p>\n","protected":false},"excerpt":{"rendered":"<p>Aquest dilluns 4 de febrer comen\u00e7a l&#8217;intercanvi de Fran\u00e7a. Un total de 21 alumnes de 3r d&#8217;ESO gaudiran d&#8217;aquest magn\u00edfic intercanvi amb alumnes francesos. EL tren AVE marxar\u00e0 a les 8:25 des de l&#8217;estaci\u00f3 de Sants amb destinaci\u00f3 Lyon. Us recordem que podreu seguir les not\u00edcies d&#8217;aquesta expedici\u00f3 a trav\u00e9s del nostre Twitter de centre [&hellip;]<\/p>\n","protected":false},"author":1,"featured_media":0,"comment_status":"open","ping_status":"open","sticky":false,"template":"","format":"standard","meta":{"_bbp_topic_count":0,"_bbp_reply_count":0,"_bbp_total_topic_count":0,"_bbp_total_reply_count":0,"_bbp_voice_count":0,"_bbp_anonymous_reply_count":0,"_bbp_topic_count_hidden":0,"_bbp_reply_count_hidden":0,"_bbp_forum_subforum_count":0,"site-sidebar-layout":"default","site-content-layout":"","ast-site-content-layout":"","site-content-style":"default","site-sidebar-style":"default","ast-global-header-display":"","ast-banner-title-visibility":"","ast-main-header-display":"","ast-hfb-above-header-display":"","ast-hfb-below-header-display":"","ast-hfb-mobile-header-display":"","site-post-title":"","ast-breadcrumbs-content":"","ast-featured-img":"","footer-sml-layout":"","theme-transparent-header-meta":"","adv-header-id-meta":"","stick-header-meta":"","header-above-stick-meta":"","header-main-stick-meta":"","header-below-stick-meta":"","astra-migrate-meta-layouts":"default","ast-page-background-enabled":"default","ast-page-background-meta":{"desktop":{"background-color":"var(--ast-global-color-4)","background-image":"","background-repeat":"repeat","background-position":"center center","background-size":"auto","background-attachment":"scroll","background-type":"","background-media":"","overlay-type":"","overlay-color":"","overlay-opacity":"","overlay-gradient":""},"tablet":{"background-color":"","background-image":"","background-repeat":"repeat","background-position":"center center","background-size":"auto","background-attachment":"scroll","background-type":"","background-media":"","overlay-type":"","overlay-color":"","overlay-opacity":"","overlay-gradient":""},"mobile":{"background-color":"","background-image":"","background-repeat":"repeat","background-position":"center center","background-size":"auto","background-attachment":"scroll","background-type":"","background-media":"","overlay-type":"","overlay-color":"","overlay-opacity":"","overlay-gradient":""}},"ast-content-background-meta":{"desktop":{"background-color":"var(--ast-global-color-5)","background-image":"","background-repeat":"repeat","background-position":"center center","background-size":"auto","background-attachment":"scroll","background-type":"","background-media":"","overlay-type":"","overlay-color":"","overlay-opacity":"","overlay-gradient":""},"tablet":{"background-color":"var(--ast-global-color-5)","background-image":"","background-repeat":"repeat","background-position":"center center","background-size":"auto","background-attachment":"scroll","background-type":"","background-media":"","overlay-type":"","overlay-color":"","overlay-opacity":"","overlay-gradient":""},"mobile":{"background-color":"var(--ast-global-color-5)","background-image":"","background-repeat":"repeat","background-position":"center center","background-size":"auto","background-attachment":"scroll","background-type":"","background-media":"","overlay-type":"","overlay-color":"","overlay-opacity":"","overlay-gradient":""}},"footnotes":""},"categories":[1,111],"tags":[],"class_list":["post-1088","post","type-post","status-publish","format-standard","hentry","category-general","category-sortides"],"post_mailing_queue_ids":[],"_links":{"self":[{"href":"https:\/\/agora.xtec.cat\/iescarrascobarcelona\/wp-json\/wp\/v2\/posts\/1088","targetHints":{"allow":["GET"]}}],"collection":[{"href":"https:\/\/agora.xtec.cat\/iescarrascobarcelona\/wp-json\/wp\/v2\/posts"}],"about":[{"href":"https:\/\/agora.xtec.cat\/iescarrascobarcelona\/wp-json\/wp\/v2\/types\/post"}],"author":[{"embeddable":true,"href":"https:\/\/agora.xtec.cat\/iescarrascobarcelona\/wp-json\/wp\/v2\/users\/1"}],"replies":[{"embeddable":true,"href":"https:\/\/agora.xtec.cat\/iescarrascobarcelona\/wp-json\/wp\/v2\/comments?post=1088"}],"version-history":[{"count":0,"href":"https:\/\/agora.xtec.cat\/iescarrascobarcelona\/wp-json\/wp\/v2\/posts\/1088\/revisions"}],"wp:attachment":[{"href":"https:\/\/agora.xtec.cat\/iescarrascobarcelona\/wp-json\/wp\/v2\/media?parent=1088"}],"wp:term":[{"taxonomy":"category","embeddable":true,"href":"https:\/\/agora.xtec.cat\/iescarrascobarcelona\/wp-json\/wp\/v2\/categories?post=1088"},{"taxonomy":"post_tag","embeddable":true,"href":"https:\/\/agora.xtec.cat\/iescarrascobarcelona\/wp-json\/wp\/v2\/tags?post=1088"}],"curies":[{"name":"wp","href":"https:\/\/api.w.org\/{rel}","templated":true}]}}