{"id":4884,"date":"2026-09-04T09:00:48","date_gmt":"2026-09-04T07:00:48","guid":{"rendered":"https:\/\/agora.xtec.cat\/iescapnorfeu\/?p=4884"},"modified":"2026-09-04T08:52:23","modified_gmt":"2026-09-04T06:52:23","slug":"cicles-formatius-cua-virtual-sol%c2%b7licituds-de-placa-26-27","status":"publish","type":"post","link":"https:\/\/agora.xtec.cat\/iescapnorfeu\/general\/cicles-formatius-cua-virtual-sol%c2%b7licituds-de-placa-26-27\/","title":{"rendered":"CICLES FORMATIUS: CUA VIRTUAL SOL\u00b7LICITUDS DE PLA\u00c7A 26-27"},"content":{"rendered":"<p>L&#8217;alumne que estigui interessat en alguna de les places vacants de de Cicles Formatius del nostre centre (Grau Mitj\u00e0 o Grau Superior) haur\u00e0 d\u2019accedir al seg\u00fcent enlla\u00e7 per a l\u2019obtenci\u00f3 d\u2019un n\u00famero de torn, el 7 de setembre de 2026, entre les 09.00 h i les 23.59 h.<\/p>\n<p><a href=\"https:\/\/aplicacions.gestioeducativa.gencat.cat\/ords\/pls\/apex\/f?p=20160079072543618:650:::NO:650:P650_CENTRE:C9D2077AD52DED62C309093DF4899D8F8B0A2F4459387ACF\" target=\"_blank\" rel=\"noopener\">ENLLA\u00c7 CUA VIRTUAL<\/a><\/p>\n<p>L&#8217;alumne, quan accedeixi a l\u2019enlla\u00e7, ha d\u2019informar d&#8217;una s\u00e8rie de dades personals.<\/p>\n<p>El sistema li assigna un n\u00famero de torn que nom\u00e9s ser\u00e0 visible per a l&#8217;alumne amb el seg\u00fcent missatge:<\/p>\n<p><strong>&#8220;T&#8217;informem que hem rebut la teva petici\u00f3 per tal d&#8217;obtenir alguna de les places vacants disponibles en el nostre centre. En breu ens posarem en contacte amb tu.&#8221;<\/strong><\/p>\n","protected":false},"excerpt":{"rendered":"<p>L&#8217;alumne que estigui interessat en alguna de les places vacants de de Cicles Formatius del nostre centre (Grau Mitj\u00e0 o Grau Superior) haur\u00e0 d\u2019accedir al seg\u00fcent enlla\u00e7 per a l\u2019obtenci\u00f3 d\u2019un n\u00famero de torn, el 7 de setembre de 2026, entre les 09.00 h i&hellip;  <a href=\"https:\/\/agora.xtec.cat\/iescapnorfeu\/general\/cicles-formatius-cua-virtual-sol%c2%b7licituds-de-placa-26-27\/\" title=\"Read CICLES FORMATIUS: CUA VIRTUAL SOL\u00b7LICITUDS DE PLA\u00c7A 26-27\">Llegeix m\u00e9s\u00bb<\/a><\/p>\n","protected":false},"author":1,"featured_media":0,"comment_status":"closed","ping_status":"open","sticky":true,"template":"","format":"standard","meta":{"_bbp_topic_count":0,"_bbp_reply_count":0,"_bbp_total_topic_count":0,"_bbp_total_reply_count":0,"_bbp_voice_count":0,"_bbp_anonymous_reply_count":0,"_bbp_topic_count_hidden":0,"_bbp_reply_count_hidden":0,"_bbp_forum_subforum_count":0,"footnotes":""},"categories":[1,29,126],"tags":[],"class_list":["post-4884","post","type-post","status-publish","format-standard","hentry","category-general","category-portada","category-preinscripcio"],"post_mailing_queue_ids":[],"_links":{"self":[{"href":"https:\/\/agora.xtec.cat\/iescapnorfeu\/wp-json\/wp\/v2\/posts\/4884","targetHints":{"allow":["GET"]}}],"collection":[{"href":"https:\/\/agora.xtec.cat\/iescapnorfeu\/wp-json\/wp\/v2\/posts"}],"about":[{"href":"https:\/\/agora.xtec.cat\/iescapnorfeu\/wp-json\/wp\/v2\/types\/post"}],"author":[{"embeddable":true,"href":"https:\/\/agora.xtec.cat\/iescapnorfeu\/wp-json\/wp\/v2\/users\/1"}],"replies":[{"embeddable":true,"href":"https:\/\/agora.xtec.cat\/iescapnorfeu\/wp-json\/wp\/v2\/comments?post=4884"}],"version-history":[{"count":1,"href":"https:\/\/agora.xtec.cat\/iescapnorfeu\/wp-json\/wp\/v2\/posts\/4884\/revisions"}],"predecessor-version":[{"id":4885,"href":"https:\/\/agora.xtec.cat\/iescapnorfeu\/wp-json\/wp\/v2\/posts\/4884\/revisions\/4885"}],"wp:attachment":[{"href":"https:\/\/agora.xtec.cat\/iescapnorfeu\/wp-json\/wp\/v2\/media?parent=4884"}],"wp:term":[{"taxonomy":"category","embeddable":true,"href":"https:\/\/agora.xtec.cat\/iescapnorfeu\/wp-json\/wp\/v2\/categories?post=4884"},{"taxonomy":"post_tag","embeddable":true,"href":"https:\/\/agora.xtec.cat\/iescapnorfeu\/wp-json\/wp\/v2\/tags?post=4884"}],"curies":[{"name":"wp","href":"https:\/\/api.w.org\/{rel}","templated":true}]}}