{"id":4880,"date":"2026-09-01T11:43:48","date_gmt":"2026-09-01T09:43:48","guid":{"rendered":"https:\/\/agora.xtec.cat\/iescapnorfeu\/?p=4880"},"modified":"2026-09-01T11:45:39","modified_gmt":"2026-09-01T09:45:39","slug":"subvencions-ampa-i-ajuntament-de-roses-2024-2025","status":"publish","type":"post","link":"https:\/\/agora.xtec.cat\/iescapnorfeu\/general\/subvencions-ampa-i-ajuntament-de-roses-2024-2025\/","title":{"rendered":"SUBVENCIONS AMPA i AJUNTAMENT DE ROSES 2024-2025"},"content":{"rendered":"<p>En el marc del tr\u00e0mit de comunicaci\u00f3 de subvencions, s&#8217;informa que el passat curs 2024-2025 l\u2019AFA va continuar participant activament en diferents projectes del centre donant suport a la gesti\u00f3 i a la millora del funcionament del nostre institut. En destaquem les subvencions directes en la compra de llibres de text, l\u2019adquisici\u00f3 de llibres de reciclatge i la contractaci\u00f3 del servei de mediateca mitjan\u00e7ant una empresa externa, sortides curriculars i diferents activitats de lleure. L\u2019Ajuntament de Roses va subvencionar una part d&#8217;aquestes despeses.<\/p>\n<p><a href=\"https:\/\/agora.xtec.cat\/iescapnorfeu\/wp-content\/uploads\/usu2070\/2021\/09\/AMPA-imatge.png\"><img loading=\"lazy\" decoding=\"async\" class=\"size-full wp-image-2177 aligncenter\" src=\"https:\/\/agora.xtec.cat\/iescapnorfeu\/wp-content\/uploads\/usu2070\/2021\/09\/AMPA-imatge.png\" alt=\"\" width=\"225\" height=\"199\" \/><\/a><\/p>\n<p><a href=\"https:\/\/agora.xtec.cat\/iescapnorfeu\/wp-content\/uploads\/usu2070\/2026\/09\/ajuntament-roses.jpg\"><img loading=\"lazy\" decoding=\"async\" class=\" wp-image-4881 aligncenter\" src=\"https:\/\/agora.xtec.cat\/iescapnorfeu\/wp-content\/uploads\/usu2070\/2026\/09\/ajuntament-roses.jpg\" alt=\"\" width=\"302\" height=\"185\" \/><\/a><\/p>\n","protected":false},"excerpt":{"rendered":"<p>En el marc del tr\u00e0mit de comunicaci\u00f3 de subvencions, s&#8217;informa que el passat curs 2024-2025 l\u2019AFA va continuar participant activament en diferents projectes del centre donant suport a la gesti\u00f3 i a la millora del funcionament del nostre institut. En destaquem les subvencions directes en&hellip;  <a href=\"https:\/\/agora.xtec.cat\/iescapnorfeu\/general\/subvencions-ampa-i-ajuntament-de-roses-2024-2025\/\" title=\"Read SUBVENCIONS AMPA i AJUNTAMENT DE ROSES 2024-2025\">Llegeix m\u00e9s\u00bb<\/a><\/p>\n","protected":false},"author":1,"featured_media":0,"comment_status":"closed","ping_status":"open","sticky":false,"template":"","format":"standard","meta":{"_bbp_topic_count":0,"_bbp_reply_count":0,"_bbp_total_topic_count":0,"_bbp_total_reply_count":0,"_bbp_voice_count":0,"_bbp_anonymous_reply_count":0,"_bbp_topic_count_hidden":0,"_bbp_reply_count_hidden":0,"_bbp_forum_subforum_count":0,"footnotes":""},"categories":[127,1,29],"tags":[],"class_list":["post-4880","post","type-post","status-publish","format-standard","hentry","category-afa-ampa","category-general","category-portada"],"post_mailing_queue_ids":[],"_links":{"self":[{"href":"https:\/\/agora.xtec.cat\/iescapnorfeu\/wp-json\/wp\/v2\/posts\/4880","targetHints":{"allow":["GET"]}}],"collection":[{"href":"https:\/\/agora.xtec.cat\/iescapnorfeu\/wp-json\/wp\/v2\/posts"}],"about":[{"href":"https:\/\/agora.xtec.cat\/iescapnorfeu\/wp-json\/wp\/v2\/types\/post"}],"author":[{"embeddable":true,"href":"https:\/\/agora.xtec.cat\/iescapnorfeu\/wp-json\/wp\/v2\/users\/1"}],"replies":[{"embeddable":true,"href":"https:\/\/agora.xtec.cat\/iescapnorfeu\/wp-json\/wp\/v2\/comments?post=4880"}],"version-history":[{"count":2,"href":"https:\/\/agora.xtec.cat\/iescapnorfeu\/wp-json\/wp\/v2\/posts\/4880\/revisions"}],"predecessor-version":[{"id":4883,"href":"https:\/\/agora.xtec.cat\/iescapnorfeu\/wp-json\/wp\/v2\/posts\/4880\/revisions\/4883"}],"wp:attachment":[{"href":"https:\/\/agora.xtec.cat\/iescapnorfeu\/wp-json\/wp\/v2\/media?parent=4880"}],"wp:term":[{"taxonomy":"category","embeddable":true,"href":"https:\/\/agora.xtec.cat\/iescapnorfeu\/wp-json\/wp\/v2\/categories?post=4880"},{"taxonomy":"post_tag","embeddable":true,"href":"https:\/\/agora.xtec.cat\/iescapnorfeu\/wp-json\/wp\/v2\/tags?post=4880"}],"curies":[{"name":"wp","href":"https:\/\/api.w.org\/{rel}","templated":true}]}}