{"id":4155,"date":"2025-03-22T17:24:41","date_gmt":"2025-03-22T16:24:41","guid":{"rendered":"https:\/\/agora.xtec.cat\/iescapnorfeu\/?p=4155"},"modified":"2025-03-22T17:24:41","modified_gmt":"2025-03-22T16:24:41","slug":"v-salo-dels-oficis-marc-25","status":"publish","type":"post","link":"https:\/\/agora.xtec.cat\/iescapnorfeu\/general\/v-salo-dels-oficis-marc-25\/","title":{"rendered":"V SAL\u00d3 DELS OFICIS MAR\u00c7 25"},"content":{"rendered":"<p style=\"text-align: left;\">Dimarts 11 i dimecres 12 de mar\u00e7 de 2025 va tenir lloc el cinqu\u00e8 Sal\u00f3 dels oficis, aquesta edici\u00f3 tamb\u00e9 es va fer al Recinte Firal de Figueres, amb una gran assist\u00e8ncia d\u2019alumnat. Pr\u00e8viament es varen realitzar tutories als instituts per tenir les activitats m\u00e9s preparades. Tot l\u2019estudiantat de 4t d\u2019ESO dels instituts de l\u2019Alt Empord\u00e0 varen visitar els diferents estands de les fam\u00edlies professionals, varen assistir a una xerrada de la fam\u00edlia professional que havien escollit, a un taller d\u2019un institut i una demostraci\u00f3 que feia una de les empreses.<br \/>\nEl mateix dimecres hi va haver una jornada de portes obertes de les tres fins les set de la tarda, durant la qual multitud de fam\u00edlies varen visitar el sal\u00f3.<br \/>\nEn l\u2019estand de la fam\u00edlia d\u2019Administraci\u00f3 i gesti\u00f3 els tallers preparats eren Gesti\u00f3 de la caixa d&#8217;un negoci, Gamificaci\u00f3 administrativa (amb Kahoot) i Elaboraci\u00f3 del curr\u00edculum vitae.<br \/>\nLes xerrades que va organitzar el nostre institut van anar a c\u00e0rrec de l&#8217;\u00c0lex Llambrich, ex alumne d&#8217;Administraci\u00f3 i finances de la primera promoci\u00f3 de formaci\u00f3 dual, ex estudiant de grau d&#8217;ADE a la UdG i actualment fent el m\u00e0ster de professorat i fent pr\u00e0ctiques al nostre institut; i de la Lia Jensen, ex alumna del cicle formatiu de gesti\u00f3 administrativa, i DJ i violinista. Varen explicar la seva traject\u00f2ria i la gran ajuda a partir d\u2019haver cursat aquest cicle formatiu. Els agra\u00efm la seva participaci\u00f3.<\/p>\n<p><a href=\"https:\/\/agora.xtec.cat\/iescapnorfeu\/wp-content\/uploads\/usu2070\/2025\/03\/Salo-oficis-11-i-120325-1-1-scaled.jpg\"><img loading=\"lazy\" decoding=\"async\" class=\"alignleft size-large wp-image-4156\" src=\"https:\/\/agora.xtec.cat\/iescapnorfeu\/wp-content\/uploads\/usu2070\/2025\/03\/Salo-oficis-11-i-120325-1-1-1024x1024.jpg\" alt=\"\" width=\"1024\" height=\"1024\" srcset=\"https:\/\/agora.xtec.cat\/iescapnorfeu\/wp-content\/uploads\/usu2070\/2025\/03\/Salo-oficis-11-i-120325-1-1-1024x1024.jpg 1024w, https:\/\/agora.xtec.cat\/iescapnorfeu\/wp-content\/uploads\/usu2070\/2025\/03\/Salo-oficis-11-i-120325-1-1-300x300.jpg 300w, https:\/\/agora.xtec.cat\/iescapnorfeu\/wp-content\/uploads\/usu2070\/2025\/03\/Salo-oficis-11-i-120325-1-1-150x150.jpg 150w, https:\/\/agora.xtec.cat\/iescapnorfeu\/wp-content\/uploads\/usu2070\/2025\/03\/Salo-oficis-11-i-120325-1-1-768x768.jpg 768w, https:\/\/agora.xtec.cat\/iescapnorfeu\/wp-content\/uploads\/usu2070\/2025\/03\/Salo-oficis-11-i-120325-1-1-1536x1536.jpg 1536w, https:\/\/agora.xtec.cat\/iescapnorfeu\/wp-content\/uploads\/usu2070\/2025\/03\/Salo-oficis-11-i-120325-1-1-2048x2048.jpg 2048w\" sizes=\"auto, (max-width: 1024px) 100vw, 1024px\" \/><\/a><\/p>\n","protected":false},"excerpt":{"rendered":"<p>Dimarts 11 i dimecres 12 de mar\u00e7 de 2025 va tenir lloc el cinqu\u00e8 Sal\u00f3 dels oficis, aquesta edici\u00f3 tamb\u00e9 es va fer al Recinte Firal de Figueres, amb una gran assist\u00e8ncia d\u2019alumnat. Pr\u00e8viament es varen realitzar tutories als instituts per tenir les activitats m\u00e9s&hellip;  <a href=\"https:\/\/agora.xtec.cat\/iescapnorfeu\/general\/v-salo-dels-oficis-marc-25\/\" title=\"Read V SAL\u00d3 DELS OFICIS MAR\u00c7 25\">Llegeix m\u00e9s\u00bb<\/a><\/p>\n","protected":false},"author":1,"featured_media":0,"comment_status":"closed","ping_status":"closed","sticky":false,"template":"","format":"standard","meta":{"_bbp_topic_count":0,"_bbp_reply_count":0,"_bbp_total_topic_count":0,"_bbp_total_reply_count":0,"_bbp_voice_count":0,"_bbp_anonymous_reply_count":0,"_bbp_topic_count_hidden":0,"_bbp_reply_count_hidden":0,"_bbp_forum_subforum_count":0,"footnotes":""},"categories":[1,29,129],"tags":[139],"class_list":["post-4155","post","type-post","status-publish","format-standard","hentry","category-general","category-portada","category-sortides-i-activitats","tag-cicles-formatius"],"post_mailing_queue_ids":[],"_links":{"self":[{"href":"https:\/\/agora.xtec.cat\/iescapnorfeu\/wp-json\/wp\/v2\/posts\/4155","targetHints":{"allow":["GET"]}}],"collection":[{"href":"https:\/\/agora.xtec.cat\/iescapnorfeu\/wp-json\/wp\/v2\/posts"}],"about":[{"href":"https:\/\/agora.xtec.cat\/iescapnorfeu\/wp-json\/wp\/v2\/types\/post"}],"author":[{"embeddable":true,"href":"https:\/\/agora.xtec.cat\/iescapnorfeu\/wp-json\/wp\/v2\/users\/1"}],"replies":[{"embeddable":true,"href":"https:\/\/agora.xtec.cat\/iescapnorfeu\/wp-json\/wp\/v2\/comments?post=4155"}],"version-history":[{"count":2,"href":"https:\/\/agora.xtec.cat\/iescapnorfeu\/wp-json\/wp\/v2\/posts\/4155\/revisions"}],"predecessor-version":[{"id":4158,"href":"https:\/\/agora.xtec.cat\/iescapnorfeu\/wp-json\/wp\/v2\/posts\/4155\/revisions\/4158"}],"wp:attachment":[{"href":"https:\/\/agora.xtec.cat\/iescapnorfeu\/wp-json\/wp\/v2\/media?parent=4155"}],"wp:term":[{"taxonomy":"category","embeddable":true,"href":"https:\/\/agora.xtec.cat\/iescapnorfeu\/wp-json\/wp\/v2\/categories?post=4155"},{"taxonomy":"post_tag","embeddable":true,"href":"https:\/\/agora.xtec.cat\/iescapnorfeu\/wp-json\/wp\/v2\/tags?post=4155"}],"curies":[{"name":"wp","href":"https:\/\/api.w.org\/{rel}","templated":true}]}}