{"id":4146,"date":"2025-03-12T14:28:08","date_gmt":"2025-03-12T13:28:08","guid":{"rendered":"https:\/\/agora.xtec.cat\/iescapnorfeu\/?p=4146"},"modified":"2025-04-26T20:07:19","modified_gmt":"2025-04-26T18:07:19","slug":"viatge-als-camps-de-lhorror","status":"publish","type":"post","link":"https:\/\/agora.xtec.cat\/iescapnorfeu\/general\/viatge-als-camps-de-lhorror\/","title":{"rendered":"VIATGE ALS CAMPS DE L&#8217;HORROR"},"content":{"rendered":"<p style=\"text-align: left;\">El passat mes de febrer l&#8217;alumnat de 1r de batxillerat que cursa la mat\u00e8ria d&#8217;Hist\u00f2ria del M\u00f3n Contemporani va realitzar un viatge de 4 dies a diverses poblacions entre Alemanya i \u00c0ustria per con\u00e8ixer en primera persona el que es va patir durant l&#8217;holocaust en aquelles poblacions. A part, van treballar i recordar les v\u00edctimes de l&#8217;Alt Empord\u00e0 que van morir al camp de concentraci\u00f3 de Mauthausen.<\/p>\n<p style=\"text-align: left;\">El viatge es va iniciar amb la visita del camp de concentraci\u00f3 de Dachau a Munic i la descoberta de la ciutat. Tot seguit es va arribar a Linz ja en territori austr\u00edac on vam visitar el Castell de Hartheim un lloc id\u00edlic on es van cometre grans atrocitats; el tercer dia vam visitar els camps de concentraci\u00f3 de Mauthausen i el memorial de Gusen. En aquest primer es va realitzar un acte d&#8217;homenatge en record de totes les v\u00edcitmes altempordaneses que van ser deportades i assassinades. Finalment l&#8217;\u00faltim dia vam realitzra una visita express per la ciutat de Viena abans de tornar a casa.<\/p>\n<p style=\"text-align: left;\">Aquest viatge organitzat pel Grup de Treball, Exili, Deportaci\u00f3 i Holocaust (GDTEDH) on hi van participar 6 centres de la nostra comarca. Ha sigut una experi\u00e8ncia enriquidora i impactant pel nostre alumnat, prenent consci\u00e8ncia de com els fets hist\u00f2rics s\u00f3n importants de con\u00e8ixer i que cal treballar la mem\u00f2ria hist\u00f2rica per no caure en l&#8217;oblit del passat per tal de no cometre els mateixos errors en un futur.<\/p>\n<p><iframe loading=\"lazy\" title=\"Viatge al camp dels horrors 2025\" width=\"500\" height=\"281\" src=\"https:\/\/www.youtube.com\/embed\/AAaQxezWo-s?feature=oembed\" frameborder=\"0\" allow=\"accelerometer; autoplay; clipboard-write; encrypted-media; gyroscope; picture-in-picture; web-share\" referrerpolicy=\"strict-origin-when-cross-origin\" allowfullscreen><\/iframe><\/p>\n","protected":false},"excerpt":{"rendered":"<p>El passat mes de febrer l&#8217;alumnat de 1r de batxillerat que cursa la mat\u00e8ria d&#8217;Hist\u00f2ria del M\u00f3n Contemporani va realitzar un viatge de 4 dies a diverses poblacions entre Alemanya i \u00c0ustria per con\u00e8ixer en primera persona el que es va patir durant l&#8217;holocaust en&hellip;  <a href=\"https:\/\/agora.xtec.cat\/iescapnorfeu\/general\/viatge-als-camps-de-lhorror\/\" title=\"Read VIATGE ALS CAMPS DE L&#8217;HORROR\">Llegeix m\u00e9s\u00bb<\/a><\/p>\n","protected":false},"author":1,"featured_media":0,"comment_status":"closed","ping_status":"closed","sticky":false,"template":"","format":"standard","meta":{"_bbp_topic_count":0,"_bbp_reply_count":0,"_bbp_total_topic_count":0,"_bbp_total_reply_count":0,"_bbp_voice_count":0,"_bbp_anonymous_reply_count":0,"_bbp_topic_count_hidden":0,"_bbp_reply_count_hidden":0,"_bbp_forum_subforum_count":0,"footnotes":""},"categories":[1,29,129],"tags":[138],"class_list":["post-4146","post","type-post","status-publish","format-standard","hentry","category-general","category-portada","category-sortides-i-activitats","tag-batxillerat"],"post_mailing_queue_ids":[],"_links":{"self":[{"href":"https:\/\/agora.xtec.cat\/iescapnorfeu\/wp-json\/wp\/v2\/posts\/4146","targetHints":{"allow":["GET"]}}],"collection":[{"href":"https:\/\/agora.xtec.cat\/iescapnorfeu\/wp-json\/wp\/v2\/posts"}],"about":[{"href":"https:\/\/agora.xtec.cat\/iescapnorfeu\/wp-json\/wp\/v2\/types\/post"}],"author":[{"embeddable":true,"href":"https:\/\/agora.xtec.cat\/iescapnorfeu\/wp-json\/wp\/v2\/users\/1"}],"replies":[{"embeddable":true,"href":"https:\/\/agora.xtec.cat\/iescapnorfeu\/wp-json\/wp\/v2\/comments?post=4146"}],"version-history":[{"count":3,"href":"https:\/\/agora.xtec.cat\/iescapnorfeu\/wp-json\/wp\/v2\/posts\/4146\/revisions"}],"predecessor-version":[{"id":4232,"href":"https:\/\/agora.xtec.cat\/iescapnorfeu\/wp-json\/wp\/v2\/posts\/4146\/revisions\/4232"}],"wp:attachment":[{"href":"https:\/\/agora.xtec.cat\/iescapnorfeu\/wp-json\/wp\/v2\/media?parent=4146"}],"wp:term":[{"taxonomy":"category","embeddable":true,"href":"https:\/\/agora.xtec.cat\/iescapnorfeu\/wp-json\/wp\/v2\/categories?post=4146"},{"taxonomy":"post_tag","embeddable":true,"href":"https:\/\/agora.xtec.cat\/iescapnorfeu\/wp-json\/wp\/v2\/tags?post=4146"}],"curies":[{"name":"wp","href":"https:\/\/api.w.org\/{rel}","templated":true}]}}