{"id":4128,"date":"2025-03-06T19:16:52","date_gmt":"2025-03-06T18:16:52","guid":{"rendered":"https:\/\/agora.xtec.cat\/iescapnorfeu\/?p=4128"},"modified":"2025-04-04T21:31:45","modified_gmt":"2025-04-04T19:31:45","slug":"portes-obertes-1r-eso-dijous-13-de-marc-preinscripcio-2025-2026","status":"publish","type":"post","link":"https:\/\/agora.xtec.cat\/iescapnorfeu\/general\/portes-obertes-1r-eso-dijous-13-de-marc-preinscripcio-2025-2026\/","title":{"rendered":"PORTES OBERTES ESO 1r: Dijous 13 de mar\u00e7: Preinscripci\u00f3 2025-2026"},"content":{"rendered":"<p>&nbsp;<\/p>\n<p><a href=\"https:\/\/agora.xtec.cat\/iescapnorfeu\/wp-content\/uploads\/usu2070\/2025\/03\/aaa.jpg\"><img loading=\"lazy\" decoding=\"async\" class=\"size-large wp-image-4134 aligncenter\" src=\"https:\/\/agora.xtec.cat\/iescapnorfeu\/wp-content\/uploads\/usu2070\/2025\/03\/aaa-1024x200.jpg\" alt=\"\" width=\"1024\" height=\"200\" srcset=\"https:\/\/agora.xtec.cat\/iescapnorfeu\/wp-content\/uploads\/usu2070\/2025\/03\/aaa-1024x200.jpg 1024w, https:\/\/agora.xtec.cat\/iescapnorfeu\/wp-content\/uploads\/usu2070\/2025\/03\/aaa-300x59.jpg 300w, https:\/\/agora.xtec.cat\/iescapnorfeu\/wp-content\/uploads\/usu2070\/2025\/03\/aaa-768x150.jpg 768w, https:\/\/agora.xtec.cat\/iescapnorfeu\/wp-content\/uploads\/usu2070\/2025\/03\/aaa-1536x301.jpg 1536w, https:\/\/agora.xtec.cat\/iescapnorfeu\/wp-content\/uploads\/usu2070\/2025\/03\/aaa.jpg 1900w\" sizes=\"auto, (max-width: 1024px) 100vw, 1024px\" \/><\/a><\/p>\n<p style=\"text-align: justify;\">Les fam\u00edlies dels alumnes que actualment cursen sis\u00e8 de Prim\u00e0ria heu de realitzar la preinscripci\u00f3 del vostre fill\/a per tal d&#8217;incorporar-se a l&#8217;Institut el proper curs 2025\/26. El per\u00edode de<strong> presentaci\u00f3 de les sol\u00b7licituds \u00e9s del 14 fins al 26 de mar\u00e7.<\/strong><\/p>\n<p style=\"text-align: justify;\">Aix\u00ed doncs, durant aquests propers dies les fam\u00edlies haureu de prendre una decisi\u00f3 important: escollir l&#8217;Institut que millor s&#8217;ajusti a les vostres expectatives. En aquest sentit, us convidem a assistir a la <span style=\"color: #000000;\"><strong>sessi\u00f3 informativa i posterior visita a les nostres instal\u00b7lacions<\/strong><\/span> que hem organitzat per al proper<\/p>\n<p style=\"text-align: justify;\"><strong><span style=\"color: #ff0000;\">DIJOUS 13 DE MAR\u00c7 a les 18:30h<\/span><\/strong><\/p>\n<p style=\"text-align: justify;\">Durant la sessi\u00f3 informativa presentarem les caracter\u00edstiques m\u00e9s rellevants del nostre Institut, especialment pel que fa al Projecte Educatiu. Seguidament, est\u00e0 prevista una visita guiada per les depend\u00e8ncies del Centre.<\/p>\n<p style=\"text-align: justify;\">Paral\u00b7lelament, donarem assessorament sobre la gesti\u00f3 administrativa que les fam\u00edlies heu de fer per tal de tramitar la preinscripci\u00f3 i procurarem resoldre tots els dubtes que tingueu sobre el procediment establert per l&#8217;Administraci\u00f3 ( puntuaci\u00f3, calendari, assignaci\u00f3 de Centre, matr\u00edcula&#8230;).<\/p>\n<p style=\"text-align: justify;\">Us donem per avan\u00e7at la benvinguda a la Jornada de Portes Obertes!<\/p>\n<h3 style=\"text-align: center;\"><span style=\"color: #ff0000;\"><a style=\"color: #ff0000;\" href=\"https:\/\/preinscripcio.gencat.cat\/ca\/estudis\/eso\/preinscriute\/sollicitud\/\" target=\"_blank\" rel=\"noopener\">ENLLA\u00c7 SOL\u00b7LICITUD PREINSCRIPCI\u00d3 2025-2026<\/a><\/span><\/h3>\n<p>&nbsp;<\/p>\n<p><a href=\"https:\/\/agora.xtec.cat\/iescapnorfeu\/wp-content\/uploads\/usu2070\/2025\/01\/logo-ins-cap-norfeu-sota-ok_page-0001.jpg\"><img loading=\"lazy\" decoding=\"async\" class=\"wp-image-4062 aligncenter\" src=\"https:\/\/agora.xtec.cat\/iescapnorfeu\/wp-content\/uploads\/usu2070\/2025\/01\/logo-ins-cap-norfeu-sota-ok_page-0001-1024x725.jpg\" alt=\"\" width=\"505\" height=\"357\" srcset=\"https:\/\/agora.xtec.cat\/iescapnorfeu\/wp-content\/uploads\/usu2070\/2025\/01\/logo-ins-cap-norfeu-sota-ok_page-0001-1024x725.jpg 1024w, https:\/\/agora.xtec.cat\/iescapnorfeu\/wp-content\/uploads\/usu2070\/2025\/01\/logo-ins-cap-norfeu-sota-ok_page-0001-300x212.jpg 300w, https:\/\/agora.xtec.cat\/iescapnorfeu\/wp-content\/uploads\/usu2070\/2025\/01\/logo-ins-cap-norfeu-sota-ok_page-0001-768x543.jpg 768w, https:\/\/agora.xtec.cat\/iescapnorfeu\/wp-content\/uploads\/usu2070\/2025\/01\/logo-ins-cap-norfeu-sota-ok_page-0001-1536x1087.jpg 1536w, https:\/\/agora.xtec.cat\/iescapnorfeu\/wp-content\/uploads\/usu2070\/2025\/01\/logo-ins-cap-norfeu-sota-ok_page-0001.jpg 1754w\" sizes=\"auto, (max-width: 505px) 100vw, 505px\" \/><\/a><\/p>\n","protected":false},"excerpt":{"rendered":"<p>&nbsp;<br \/>\n<a href=\"https:\/\/agora.xtec.cat\/iescapnorfeu\/wp-content\/uploads\/usu2070\/2025\/03\/aaa.jpg\"><\/a><br \/>\nLes fam\u00edlies dels alumnes que actualment cursen sis\u00e8 de Prim\u00e0ria heu de realitzar la preinscripci\u00f3 del vostre fill\/a per tal d&#8217;incorporar-se a l&#8217;Institut el proper curs 2025\/26. El per\u00edode de presentaci\u00f3 de les sol\u00b7licituds \u00e9s del 14 fins al 26 de mar\u00e7.<br \/>\nAix\u00ed doncs, durant&hellip;  <a href=\"https:\/\/agora.xtec.cat\/iescapnorfeu\/general\/portes-obertes-1r-eso-dijous-13-de-marc-preinscripcio-2025-2026\/\" title=\"Read PORTES OBERTES ESO 1r: Dijous 13 de mar\u00e7: Preinscripci\u00f3 2025-2026\">Llegeix m\u00e9s\u00bb<\/a><\/p>\n","protected":false},"author":1,"featured_media":0,"comment_status":"closed","ping_status":"closed","sticky":false,"template":"","format":"standard","meta":{"_bbp_topic_count":0,"_bbp_reply_count":0,"_bbp_total_topic_count":0,"_bbp_total_reply_count":0,"_bbp_voice_count":0,"_bbp_anonymous_reply_count":0,"_bbp_topic_count_hidden":0,"_bbp_reply_count_hidden":0,"_bbp_forum_subforum_count":0,"footnotes":""},"categories":[1,29,126],"tags":[],"class_list":["post-4128","post","type-post","status-publish","format-standard","hentry","category-general","category-portada","category-preinscripcio"],"post_mailing_queue_ids":[],"_links":{"self":[{"href":"https:\/\/agora.xtec.cat\/iescapnorfeu\/wp-json\/wp\/v2\/posts\/4128","targetHints":{"allow":["GET"]}}],"collection":[{"href":"https:\/\/agora.xtec.cat\/iescapnorfeu\/wp-json\/wp\/v2\/posts"}],"about":[{"href":"https:\/\/agora.xtec.cat\/iescapnorfeu\/wp-json\/wp\/v2\/types\/post"}],"author":[{"embeddable":true,"href":"https:\/\/agora.xtec.cat\/iescapnorfeu\/wp-json\/wp\/v2\/users\/1"}],"replies":[{"embeddable":true,"href":"https:\/\/agora.xtec.cat\/iescapnorfeu\/wp-json\/wp\/v2\/comments?post=4128"}],"version-history":[{"count":6,"href":"https:\/\/agora.xtec.cat\/iescapnorfeu\/wp-json\/wp\/v2\/posts\/4128\/revisions"}],"predecessor-version":[{"id":4154,"href":"https:\/\/agora.xtec.cat\/iescapnorfeu\/wp-json\/wp\/v2\/posts\/4128\/revisions\/4154"}],"wp:attachment":[{"href":"https:\/\/agora.xtec.cat\/iescapnorfeu\/wp-json\/wp\/v2\/media?parent=4128"}],"wp:term":[{"taxonomy":"category","embeddable":true,"href":"https:\/\/agora.xtec.cat\/iescapnorfeu\/wp-json\/wp\/v2\/categories?post=4128"},{"taxonomy":"post_tag","embeddable":true,"href":"https:\/\/agora.xtec.cat\/iescapnorfeu\/wp-json\/wp\/v2\/tags?post=4128"}],"curies":[{"name":"wp","href":"https:\/\/api.w.org\/{rel}","templated":true}]}}