{"id":4102,"date":"2025-02-18T10:59:28","date_gmt":"2025-02-18T09:59:28","guid":{"rendered":"https:\/\/agora.xtec.cat\/iescapnorfeu\/?p=4102"},"modified":"2025-02-18T10:59:46","modified_gmt":"2025-02-18T09:59:46","slug":"jornada-de-portes-obertes-de-la-udg-2","status":"publish","type":"post","link":"https:\/\/agora.xtec.cat\/iescapnorfeu\/general\/jornada-de-portes-obertes-de-la-udg-2\/","title":{"rendered":"JORNADA DE PORTES OBERTES DE LA UDG"},"content":{"rendered":"<p>Els alumnes de 2n de Batxillerat van participar a la primera Jornada de Portes Obertes de la Universitat de Girona (UdG) d&#8217;aquest any 2025, celebrada el passat divendres 7 de febrer.<br \/>\nLes Jornades de Portes Obertes s\u00f3n una oportunitat \u00fanica per als futurs estudiants de con\u00e8ixer de prop la universitat i els seus estudis. El professorat i els estudiants de la Universitat de Girona van realitzar xerrades i visites guiades amb tota la informaci\u00f3 sobre els Campus, els centres docents amb la seva oferta de graus &#8211; per al curs 2025-2026 la UdG ofereix una cinquantena de graus i 17 dobles titulacions -, les aules on s&#8217;imparteixen les classes, els tallers i laboratoris on fer pr\u00e0ctiques i les biblioteques on estudiar i fer recerca.<br \/>\nAquesta sortida juntament amb la visita al Sal\u00f3 de l\u2019Ensenyament, el dia 28 de mar\u00e7, formen part de les sessions d\u2019orientaci\u00f3 acad\u00e8mica que realitzem a les classes de tutoria fins a final de curs.<br \/>\nL\u2019objectiu \u00e9s que els alumnes coneguin tots els estudis d\u2019ensenyaments professionals i universitaris i les respectives oportunitats professionals abans de triar el seu futur.<\/p>\n<p><a href=\"https:\/\/agora.xtec.cat\/iescapnorfeu\/wp-content\/uploads\/usu2070\/2025\/02\/PHOTO-2025-02-07-10-31-09.jpg\"><img loading=\"lazy\" decoding=\"async\" class=\"alignleft size-large wp-image-4103\" src=\"https:\/\/agora.xtec.cat\/iescapnorfeu\/wp-content\/uploads\/usu2070\/2025\/02\/PHOTO-2025-02-07-10-31-09-1024x771.jpg\" alt=\"\" width=\"1024\" height=\"771\" srcset=\"https:\/\/agora.xtec.cat\/iescapnorfeu\/wp-content\/uploads\/usu2070\/2025\/02\/PHOTO-2025-02-07-10-31-09-1024x771.jpg 1024w, https:\/\/agora.xtec.cat\/iescapnorfeu\/wp-content\/uploads\/usu2070\/2025\/02\/PHOTO-2025-02-07-10-31-09-300x226.jpg 300w, https:\/\/agora.xtec.cat\/iescapnorfeu\/wp-content\/uploads\/usu2070\/2025\/02\/PHOTO-2025-02-07-10-31-09-768x578.jpg 768w, https:\/\/agora.xtec.cat\/iescapnorfeu\/wp-content\/uploads\/usu2070\/2025\/02\/PHOTO-2025-02-07-10-31-09-1536x1156.jpg 1536w, https:\/\/agora.xtec.cat\/iescapnorfeu\/wp-content\/uploads\/usu2070\/2025\/02\/PHOTO-2025-02-07-10-31-09-200x150.jpg 200w, https:\/\/agora.xtec.cat\/iescapnorfeu\/wp-content\/uploads\/usu2070\/2025\/02\/PHOTO-2025-02-07-10-31-09.jpg 1600w\" sizes=\"auto, (max-width: 1024px) 100vw, 1024px\" \/><\/a><\/p>\n","protected":false},"excerpt":{"rendered":"<p>Els alumnes de 2n de Batxillerat van participar a la primera Jornada de Portes Obertes de la Universitat de Girona (UdG) d&#8217;aquest any 2025, celebrada el passat divendres 7 de febrer.<br \/>\nLes Jornades de Portes Obertes s\u00f3n una oportunitat \u00fanica per als futurs estudiants de con\u00e8ixer&hellip;  <a href=\"https:\/\/agora.xtec.cat\/iescapnorfeu\/general\/jornada-de-portes-obertes-de-la-udg-2\/\" title=\"Read JORNADA DE PORTES OBERTES DE LA UDG\">Llegeix m\u00e9s\u00bb<\/a><\/p>\n","protected":false},"author":1,"featured_media":0,"comment_status":"closed","ping_status":"closed","sticky":false,"template":"","format":"standard","meta":{"_bbp_topic_count":0,"_bbp_reply_count":0,"_bbp_total_topic_count":0,"_bbp_total_reply_count":0,"_bbp_voice_count":0,"_bbp_anonymous_reply_count":0,"_bbp_topic_count_hidden":0,"_bbp_reply_count_hidden":0,"_bbp_forum_subforum_count":0,"footnotes":""},"categories":[1,29,129],"tags":[138],"class_list":["post-4102","post","type-post","status-publish","format-standard","hentry","category-general","category-portada","category-sortides-i-activitats","tag-batxillerat"],"post_mailing_queue_ids":[],"_links":{"self":[{"href":"https:\/\/agora.xtec.cat\/iescapnorfeu\/wp-json\/wp\/v2\/posts\/4102","targetHints":{"allow":["GET"]}}],"collection":[{"href":"https:\/\/agora.xtec.cat\/iescapnorfeu\/wp-json\/wp\/v2\/posts"}],"about":[{"href":"https:\/\/agora.xtec.cat\/iescapnorfeu\/wp-json\/wp\/v2\/types\/post"}],"author":[{"embeddable":true,"href":"https:\/\/agora.xtec.cat\/iescapnorfeu\/wp-json\/wp\/v2\/users\/1"}],"replies":[{"embeddable":true,"href":"https:\/\/agora.xtec.cat\/iescapnorfeu\/wp-json\/wp\/v2\/comments?post=4102"}],"version-history":[{"count":2,"href":"https:\/\/agora.xtec.cat\/iescapnorfeu\/wp-json\/wp\/v2\/posts\/4102\/revisions"}],"predecessor-version":[{"id":4105,"href":"https:\/\/agora.xtec.cat\/iescapnorfeu\/wp-json\/wp\/v2\/posts\/4102\/revisions\/4105"}],"wp:attachment":[{"href":"https:\/\/agora.xtec.cat\/iescapnorfeu\/wp-json\/wp\/v2\/media?parent=4102"}],"wp:term":[{"taxonomy":"category","embeddable":true,"href":"https:\/\/agora.xtec.cat\/iescapnorfeu\/wp-json\/wp\/v2\/categories?post=4102"},{"taxonomy":"post_tag","embeddable":true,"href":"https:\/\/agora.xtec.cat\/iescapnorfeu\/wp-json\/wp\/v2\/tags?post=4102"}],"curies":[{"name":"wp","href":"https:\/\/api.w.org\/{rel}","templated":true}]}}