{"id":4001,"date":"2024-10-29T19:34:20","date_gmt":"2024-10-29T18:34:20","guid":{"rendered":"https:\/\/agora.xtec.cat\/iescapnorfeu\/?p=4001"},"modified":"2024-11-18T11:10:04","modified_gmt":"2024-11-18T10:10:04","slug":"pujada-al-puig-de-laliga-dels-alumnes-de-3r-i-4t-deso","status":"publish","type":"post","link":"https:\/\/agora.xtec.cat\/iescapnorfeu\/general\/pujada-al-puig-de-laliga-dels-alumnes-de-3r-i-4t-deso\/","title":{"rendered":"PUJADA AL PUIG DE L\u2019\u00c0LIGA DELS ALUMNES  DE 3r i 4t D\u2019ESO"},"content":{"rendered":"<p>Des de les \u00e0rees de Tutoria de 3r i 4t d\u2019ESO, es van organitzar dues sortides al Puig de l&#8217;\u00c0liga, una per als de 4t el divendres 18 d\u2019octubre, i una altra per als de 3r el dimecres 23 del mateix mes. En ambd\u00f3s nivells, l\u2019objectiu que es pretenia aconseguir era doble: per una banda, promoure la cohesi\u00f3 dels diferents grups i, per l\u2019altra, fomentar les activitats fisicoesportives al medi natural.<br \/>\nTant en un cas com en l\u2019altre, els alumnes i els professors acompanyants van sortir de l\u2019Institut cap a 2\/4 de 9 del mat\u00ed i, despr\u00e9s d&#8217;una forta pujada, van arribar al Puig de l&#8217;\u00c0liga, on tots plegats van poder recuperar forces. Una vegada fet el cim, uns i altres van baixar per diferents camins fins arribar a la plana i recuperar forces. Esperem que aquesta interessant\u00edssima activitat tingui continu\u00eftat en els propers anys. Podeu veure imatges de la sortida entrant <a href=\"https:\/\/drive.google.com\/drive\/folders\/1MeAGECwQH_C1QvoxHJXdxrXOMqncdJXD?usp=sharing\" target=\"_blank\" rel=\"noopener\">aqu\u00ed<\/a>.<\/p>\n<p><a href=\"https:\/\/agora.xtec.cat\/iescapnorfeu\/wp-content\/uploads\/usu2070\/2024\/10\/Cohesio_3r4rt_24_25.jpg\"><img loading=\"lazy\" decoding=\"async\" class=\"alignleft size-large wp-image-4002\" src=\"https:\/\/agora.xtec.cat\/iescapnorfeu\/wp-content\/uploads\/usu2070\/2024\/10\/Cohesio_3r4rt_24_25-1024x1024.jpg\" alt=\"\" width=\"1024\" height=\"1024\" srcset=\"https:\/\/agora.xtec.cat\/iescapnorfeu\/wp-content\/uploads\/usu2070\/2024\/10\/Cohesio_3r4rt_24_25-1024x1024.jpg 1024w, https:\/\/agora.xtec.cat\/iescapnorfeu\/wp-content\/uploads\/usu2070\/2024\/10\/Cohesio_3r4rt_24_25-300x300.jpg 300w, https:\/\/agora.xtec.cat\/iescapnorfeu\/wp-content\/uploads\/usu2070\/2024\/10\/Cohesio_3r4rt_24_25-150x150.jpg 150w, https:\/\/agora.xtec.cat\/iescapnorfeu\/wp-content\/uploads\/usu2070\/2024\/10\/Cohesio_3r4rt_24_25-768x768.jpg 768w, https:\/\/agora.xtec.cat\/iescapnorfeu\/wp-content\/uploads\/usu2070\/2024\/10\/Cohesio_3r4rt_24_25.jpg 1200w\" sizes=\"auto, (max-width: 1024px) 100vw, 1024px\" \/><\/a><\/p>\n","protected":false},"excerpt":{"rendered":"<p>Des de les \u00e0rees de Tutoria de 3r i 4t d\u2019ESO, es van organitzar dues sortides al Puig de l&#8217;\u00c0liga, una per als de 4t el divendres 18 d\u2019octubre, i una altra per als de 3r el dimecres 23 del mateix mes. En ambd\u00f3s nivells,&hellip;  <a href=\"https:\/\/agora.xtec.cat\/iescapnorfeu\/general\/pujada-al-puig-de-laliga-dels-alumnes-de-3r-i-4t-deso\/\" title=\"Read PUJADA AL PUIG DE L\u2019\u00c0LIGA DELS ALUMNES  DE 3r i 4t D\u2019ESO\">Llegeix m\u00e9s\u00bb<\/a><\/p>\n","protected":false},"author":1,"featured_media":0,"comment_status":"closed","ping_status":"closed","sticky":false,"template":"","format":"standard","meta":{"_bbp_topic_count":0,"_bbp_reply_count":0,"_bbp_total_topic_count":0,"_bbp_total_reply_count":0,"_bbp_voice_count":0,"_bbp_anonymous_reply_count":0,"_bbp_topic_count_hidden":0,"_bbp_reply_count_hidden":0,"_bbp_forum_subforum_count":0,"footnotes":""},"categories":[1,29,129],"tags":[136,137],"class_list":["post-4001","post","type-post","status-publish","format-standard","hentry","category-general","category-portada","category-sortides-i-activitats","tag-3r-eso","tag-4t-eso"],"post_mailing_queue_ids":[],"_links":{"self":[{"href":"https:\/\/agora.xtec.cat\/iescapnorfeu\/wp-json\/wp\/v2\/posts\/4001","targetHints":{"allow":["GET"]}}],"collection":[{"href":"https:\/\/agora.xtec.cat\/iescapnorfeu\/wp-json\/wp\/v2\/posts"}],"about":[{"href":"https:\/\/agora.xtec.cat\/iescapnorfeu\/wp-json\/wp\/v2\/types\/post"}],"author":[{"embeddable":true,"href":"https:\/\/agora.xtec.cat\/iescapnorfeu\/wp-json\/wp\/v2\/users\/1"}],"replies":[{"embeddable":true,"href":"https:\/\/agora.xtec.cat\/iescapnorfeu\/wp-json\/wp\/v2\/comments?post=4001"}],"version-history":[{"count":1,"href":"https:\/\/agora.xtec.cat\/iescapnorfeu\/wp-json\/wp\/v2\/posts\/4001\/revisions"}],"predecessor-version":[{"id":4003,"href":"https:\/\/agora.xtec.cat\/iescapnorfeu\/wp-json\/wp\/v2\/posts\/4001\/revisions\/4003"}],"wp:attachment":[{"href":"https:\/\/agora.xtec.cat\/iescapnorfeu\/wp-json\/wp\/v2\/media?parent=4001"}],"wp:term":[{"taxonomy":"category","embeddable":true,"href":"https:\/\/agora.xtec.cat\/iescapnorfeu\/wp-json\/wp\/v2\/categories?post=4001"},{"taxonomy":"post_tag","embeddable":true,"href":"https:\/\/agora.xtec.cat\/iescapnorfeu\/wp-json\/wp\/v2\/tags?post=4001"}],"curies":[{"name":"wp","href":"https:\/\/api.w.org\/{rel}","templated":true}]}}