{"id":3861,"date":"2024-06-21T08:35:54","date_gmt":"2024-06-21T06:35:54","guid":{"rendered":"https:\/\/agora.xtec.cat\/iescapnorfeu\/?p=3861"},"modified":"2025-06-10T13:20:15","modified_gmt":"2025-06-10T11:20:15","slug":"graduacio-administratiu-14-6-24","status":"publish","type":"post","link":"https:\/\/agora.xtec.cat\/iescapnorfeu\/general\/graduacio-administratiu-14-6-24\/","title":{"rendered":"GRADUACI\u00d3 ADMINISTRATIU 14\/6\/24"},"content":{"rendered":"<p style=\"text-align: justify;\">El passat dia 14 de juny va tenir lloc l\u2019acte de graduaci\u00f3 del segon curs del cicle formatiu de Gesti\u00f3 administrativa i d\u2019Administraci\u00f3 i finances. V\u00e0rem comen\u00e7ar amb els parlaments dels dos tutors dels dos grups, seguidament algunes alumnes de Gesti\u00f3 administrativa i unes altres d\u2019Administraci\u00f3 i finances. Es varen lliurar els corresponents diplomes, les orles i els birrets d\u2019ambd\u00f3s grups. Finalment es varen fer les fotografies de record tant a l\u2019escenari com al photocall preparat per a l\u2019ocasi\u00f3.<br \/>\nAgra\u00efm al professorat assistent, alguns que ja no formen part dels equips docents d\u2019aquest curs, la seva implicaci\u00f3 i a l\u2019alumnat per les seves paraules.<br \/>\nPer cloure la jornada tots junts es van despla\u00e7ar al restaurant per gaudir d\u2019un inoblidable sopar.<\/p>\n<p><a href=\"https:\/\/agora.xtec.cat\/iescapnorfeu\/wp-content\/uploads\/usu2070\/2024\/06\/Graduacio-administratiu-140624-1-1-scaled.jpg\"><img loading=\"lazy\" decoding=\"async\" class=\"alignleft size-large wp-image-3862\" src=\"https:\/\/agora.xtec.cat\/iescapnorfeu\/wp-content\/uploads\/usu2070\/2024\/06\/Graduacio-administratiu-140624-1-1-1024x768.jpg\" alt=\"\" width=\"1024\" height=\"768\" srcset=\"https:\/\/agora.xtec.cat\/iescapnorfeu\/wp-content\/uploads\/usu2070\/2024\/06\/Graduacio-administratiu-140624-1-1-1024x768.jpg 1024w, https:\/\/agora.xtec.cat\/iescapnorfeu\/wp-content\/uploads\/usu2070\/2024\/06\/Graduacio-administratiu-140624-1-1-300x225.jpg 300w, https:\/\/agora.xtec.cat\/iescapnorfeu\/wp-content\/uploads\/usu2070\/2024\/06\/Graduacio-administratiu-140624-1-1-768x576.jpg 768w, https:\/\/agora.xtec.cat\/iescapnorfeu\/wp-content\/uploads\/usu2070\/2024\/06\/Graduacio-administratiu-140624-1-1-1536x1152.jpg 1536w, https:\/\/agora.xtec.cat\/iescapnorfeu\/wp-content\/uploads\/usu2070\/2024\/06\/Graduacio-administratiu-140624-1-1-2048x1536.jpg 2048w, https:\/\/agora.xtec.cat\/iescapnorfeu\/wp-content\/uploads\/usu2070\/2024\/06\/Graduacio-administratiu-140624-1-1-200x150.jpg 200w\" sizes=\"auto, (max-width: 1024px) 100vw, 1024px\" \/><\/a><\/p>\n","protected":false},"excerpt":{"rendered":"<p>El passat dia 14 de juny va tenir lloc l\u2019acte de graduaci\u00f3 del segon curs del cicle formatiu de Gesti\u00f3 administrativa i d\u2019Administraci\u00f3 i finances. V\u00e0rem comen\u00e7ar amb els parlaments dels dos tutors dels dos grups, seguidament algunes alumnes de Gesti\u00f3 administrativa i unes altres&hellip;  <a href=\"https:\/\/agora.xtec.cat\/iescapnorfeu\/general\/graduacio-administratiu-14-6-24\/\" title=\"Read GRADUACI\u00d3 ADMINISTRATIU 14\/6\/24\">Llegeix m\u00e9s\u00bb<\/a><\/p>\n","protected":false},"author":1,"featured_media":0,"comment_status":"open","ping_status":"closed","sticky":false,"template":"","format":"standard","meta":{"_bbp_topic_count":0,"_bbp_reply_count":0,"_bbp_total_topic_count":0,"_bbp_total_reply_count":0,"_bbp_voice_count":0,"_bbp_anonymous_reply_count":0,"_bbp_topic_count_hidden":0,"_bbp_reply_count_hidden":0,"_bbp_forum_subforum_count":0,"footnotes":""},"categories":[132,1,29],"tags":[139],"class_list":["post-3861","post","type-post","status-publish","format-standard","hentry","category-actes-de-graduacio-i-excellencia","category-general","category-portada","tag-cicles-formatius"],"post_mailing_queue_ids":[],"_links":{"self":[{"href":"https:\/\/agora.xtec.cat\/iescapnorfeu\/wp-json\/wp\/v2\/posts\/3861","targetHints":{"allow":["GET"]}}],"collection":[{"href":"https:\/\/agora.xtec.cat\/iescapnorfeu\/wp-json\/wp\/v2\/posts"}],"about":[{"href":"https:\/\/agora.xtec.cat\/iescapnorfeu\/wp-json\/wp\/v2\/types\/post"}],"author":[{"embeddable":true,"href":"https:\/\/agora.xtec.cat\/iescapnorfeu\/wp-json\/wp\/v2\/users\/1"}],"replies":[{"embeddable":true,"href":"https:\/\/agora.xtec.cat\/iescapnorfeu\/wp-json\/wp\/v2\/comments?post=3861"}],"version-history":[{"count":3,"href":"https:\/\/agora.xtec.cat\/iescapnorfeu\/wp-json\/wp\/v2\/posts\/3861\/revisions"}],"predecessor-version":[{"id":3872,"href":"https:\/\/agora.xtec.cat\/iescapnorfeu\/wp-json\/wp\/v2\/posts\/3861\/revisions\/3872"}],"wp:attachment":[{"href":"https:\/\/agora.xtec.cat\/iescapnorfeu\/wp-json\/wp\/v2\/media?parent=3861"}],"wp:term":[{"taxonomy":"category","embeddable":true,"href":"https:\/\/agora.xtec.cat\/iescapnorfeu\/wp-json\/wp\/v2\/categories?post=3861"},{"taxonomy":"post_tag","embeddable":true,"href":"https:\/\/agora.xtec.cat\/iescapnorfeu\/wp-json\/wp\/v2\/tags?post=3861"}],"curies":[{"name":"wp","href":"https:\/\/api.w.org\/{rel}","templated":true}]}}