{"id":3811,"date":"2024-06-15T13:21:25","date_gmt":"2024-06-15T11:21:25","guid":{"rendered":"https:\/\/agora.xtec.cat\/iescapnorfeu\/?p=3811"},"modified":"2024-09-06T18:07:10","modified_gmt":"2024-09-06T16:07:10","slug":"primer-eso-reunio-families-presentacio-curs-24-25","status":"publish","type":"post","link":"https:\/\/agora.xtec.cat\/iescapnorfeu\/general\/primer-eso-reunio-families-presentacio-curs-24-25\/","title":{"rendered":"PRIMER ESO: REUNI\u00d3 FAM\u00cdLIES PRESENTACI\u00d3 CURS 24-25"},"content":{"rendered":"<p><a href=\"https:\/\/agora.xtec.cat\/iescapnorfeu\/wp-content\/uploads\/usu2070\/2023\/08\/logo.jpg\"><img loading=\"lazy\" decoding=\"async\" class=\"alignleft wp-image-3422\" src=\"https:\/\/agora.xtec.cat\/iescapnorfeu\/wp-content\/uploads\/usu2070\/2023\/08\/logo.jpg\" alt=\"\" width=\"214\" height=\"319\" srcset=\"https:\/\/agora.xtec.cat\/iescapnorfeu\/wp-content\/uploads\/usu2070\/2023\/08\/logo.jpg 339w, https:\/\/agora.xtec.cat\/iescapnorfeu\/wp-content\/uploads\/usu2070\/2023\/08\/logo-201x300.jpg 201w\" sizes=\"auto, (max-width: 214px) 100vw, 214px\" \/><\/a><\/p>\n<p style=\"text-align: justify;\">Recordeu que el proper <strong>dijous 5 de setembre<\/strong> celebrarem la reuni\u00f3 amb les fam\u00edlies dels alumnes de PRIMER d\u2019ESO a les <strong>18:00h<\/strong> a la sala polivalent del nostre institut (gimn\u00e0s).<\/p>\n<p style=\"text-align: justify;\">La reuni\u00f3 anir\u00e0 a c\u00e0rrec de l\u2019equip directiu, coordinadors i tutors dels diferents grups classe els quals us exposaran el funcionament general de l\u2019institut i la preparaci\u00f3 d\u2019aquest nou curs 24-25. Tamb\u00e9 aprofitarem per a resoldre totes les consultes que us puguin sorgir.<\/p>\n<p style=\"text-align: justify;\">Benvinguts a l\u2019INS Cap Norfeu !!<\/p>\n","protected":false},"excerpt":{"rendered":"<p><a href=\"https:\/\/agora.xtec.cat\/iescapnorfeu\/wp-content\/uploads\/usu2070\/2023\/08\/logo.jpg\"><\/a><br \/>\nRecordeu que el proper dijous 5 de setembre celebrarem la reuni\u00f3 amb les fam\u00edlies dels alumnes de PRIMER d\u2019ESO a les 18:00h a la sala polivalent del nostre institut (gimn\u00e0s).<br \/>\nLa reuni\u00f3 anir\u00e0 a c\u00e0rrec de l\u2019equip directiu, coordinadors i tutors dels diferents grups classe&hellip;  <a href=\"https:\/\/agora.xtec.cat\/iescapnorfeu\/general\/primer-eso-reunio-families-presentacio-curs-24-25\/\" title=\"Read PRIMER ESO: REUNI\u00d3 FAM\u00cdLIES PRESENTACI\u00d3 CURS 24-25\">Llegeix m\u00e9s\u00bb<\/a><\/p>\n","protected":false},"author":1,"featured_media":0,"comment_status":"open","ping_status":"closed","sticky":false,"template":"","format":"standard","meta":{"_bbp_topic_count":0,"_bbp_reply_count":0,"_bbp_total_topic_count":0,"_bbp_total_reply_count":0,"_bbp_voice_count":0,"_bbp_anonymous_reply_count":0,"_bbp_topic_count_hidden":0,"_bbp_reply_count_hidden":0,"_bbp_forum_subforum_count":0,"footnotes":""},"categories":[1,29],"tags":[],"class_list":["post-3811","post","type-post","status-publish","format-standard","hentry","category-general","category-portada"],"post_mailing_queue_ids":[],"_links":{"self":[{"href":"https:\/\/agora.xtec.cat\/iescapnorfeu\/wp-json\/wp\/v2\/posts\/3811","targetHints":{"allow":["GET"]}}],"collection":[{"href":"https:\/\/agora.xtec.cat\/iescapnorfeu\/wp-json\/wp\/v2\/posts"}],"about":[{"href":"https:\/\/agora.xtec.cat\/iescapnorfeu\/wp-json\/wp\/v2\/types\/post"}],"author":[{"embeddable":true,"href":"https:\/\/agora.xtec.cat\/iescapnorfeu\/wp-json\/wp\/v2\/users\/1"}],"replies":[{"embeddable":true,"href":"https:\/\/agora.xtec.cat\/iescapnorfeu\/wp-json\/wp\/v2\/comments?post=3811"}],"version-history":[{"count":2,"href":"https:\/\/agora.xtec.cat\/iescapnorfeu\/wp-json\/wp\/v2\/posts\/3811\/revisions"}],"predecessor-version":[{"id":3813,"href":"https:\/\/agora.xtec.cat\/iescapnorfeu\/wp-json\/wp\/v2\/posts\/3811\/revisions\/3813"}],"wp:attachment":[{"href":"https:\/\/agora.xtec.cat\/iescapnorfeu\/wp-json\/wp\/v2\/media?parent=3811"}],"wp:term":[{"taxonomy":"category","embeddable":true,"href":"https:\/\/agora.xtec.cat\/iescapnorfeu\/wp-json\/wp\/v2\/categories?post=3811"},{"taxonomy":"post_tag","embeddable":true,"href":"https:\/\/agora.xtec.cat\/iescapnorfeu\/wp-json\/wp\/v2\/tags?post=3811"}],"curies":[{"name":"wp","href":"https:\/\/api.w.org\/{rel}","templated":true}]}}