{"id":3806,"date":"2024-06-10T15:44:19","date_gmt":"2024-06-10T13:44:19","guid":{"rendered":"https:\/\/agora.xtec.cat\/iescapnorfeu\/?p=3806"},"modified":"2024-06-10T15:44:19","modified_gmt":"2024-06-10T13:44:19","slug":"el-cap-norfeu-sempre-solidari","status":"publish","type":"post","link":"https:\/\/agora.xtec.cat\/iescapnorfeu\/general\/el-cap-norfeu-sempre-solidari\/","title":{"rendered":"EL CAP NORFEU SEMPRE SOLIDARI!!"},"content":{"rendered":"<p style=\"text-align: justify;\">La setmana passada es va portar a terme un any m\u00e9s per part de la \u201cFundaci\u00f3 de Roses contra el c\u00e0ncer\u201d la campanya de \u201cla setmana sense fum\u201d. El passat divendres 31 de Maig, la Fundaci\u00f3 Roses contra el c\u00e0ncer va muntar una taula informativa sobre els riscos del tabac, on dos dels nostres alumnes: Llu\u00eds Compte i Leo Valera han col\u00b7laborat dins del marc del Servei Comunitari amb la realitzaci\u00f3 d\u2019un cartell i uns flyers per conscienciar a la poblaci\u00f3 que segons l\u2019Organitzaci\u00f3 Mundial de la Salud (OMS) cada any moren m\u00e9s de 8 milions de persones a causa del tabac.<\/p>\n<p><a href=\"https:\/\/agora.xtec.cat\/iescapnorfeu\/wp-content\/uploads\/usu2070\/2024\/06\/RosesContra.jpg\"><img loading=\"lazy\" decoding=\"async\" class=\"alignleft size-large wp-image-3807\" src=\"https:\/\/agora.xtec.cat\/iescapnorfeu\/wp-content\/uploads\/usu2070\/2024\/06\/RosesContra-1024x1024.jpg\" alt=\"\" width=\"1024\" height=\"1024\" srcset=\"https:\/\/agora.xtec.cat\/iescapnorfeu\/wp-content\/uploads\/usu2070\/2024\/06\/RosesContra-1024x1024.jpg 1024w, https:\/\/agora.xtec.cat\/iescapnorfeu\/wp-content\/uploads\/usu2070\/2024\/06\/RosesContra-300x300.jpg 300w, https:\/\/agora.xtec.cat\/iescapnorfeu\/wp-content\/uploads\/usu2070\/2024\/06\/RosesContra-150x150.jpg 150w, https:\/\/agora.xtec.cat\/iescapnorfeu\/wp-content\/uploads\/usu2070\/2024\/06\/RosesContra-768x768.jpg 768w, https:\/\/agora.xtec.cat\/iescapnorfeu\/wp-content\/uploads\/usu2070\/2024\/06\/RosesContra.jpg 1200w\" sizes=\"auto, (max-width: 1024px) 100vw, 1024px\" \/><\/a><\/p>\n","protected":false},"excerpt":{"rendered":"<p>La setmana passada es va portar a terme un any m\u00e9s per part de la \u201cFundaci\u00f3 de Roses contra el c\u00e0ncer\u201d la campanya de \u201cla setmana sense fum\u201d. El passat divendres 31 de Maig, la Fundaci\u00f3 Roses contra el c\u00e0ncer va muntar una taula informativa&hellip;  <a href=\"https:\/\/agora.xtec.cat\/iescapnorfeu\/general\/el-cap-norfeu-sempre-solidari\/\" title=\"Read EL CAP NORFEU SEMPRE SOLIDARI!!\">Llegeix m\u00e9s\u00bb<\/a><\/p>\n","protected":false},"author":1,"featured_media":0,"comment_status":"open","ping_status":"closed","sticky":false,"template":"","format":"standard","meta":{"_bbp_topic_count":0,"_bbp_reply_count":0,"_bbp_total_topic_count":0,"_bbp_total_reply_count":0,"_bbp_voice_count":0,"_bbp_anonymous_reply_count":0,"_bbp_topic_count_hidden":0,"_bbp_reply_count_hidden":0,"_bbp_forum_subforum_count":0,"footnotes":""},"categories":[1,29],"tags":[],"class_list":["post-3806","post","type-post","status-publish","format-standard","hentry","category-general","category-portada"],"post_mailing_queue_ids":[],"_links":{"self":[{"href":"https:\/\/agora.xtec.cat\/iescapnorfeu\/wp-json\/wp\/v2\/posts\/3806","targetHints":{"allow":["GET"]}}],"collection":[{"href":"https:\/\/agora.xtec.cat\/iescapnorfeu\/wp-json\/wp\/v2\/posts"}],"about":[{"href":"https:\/\/agora.xtec.cat\/iescapnorfeu\/wp-json\/wp\/v2\/types\/post"}],"author":[{"embeddable":true,"href":"https:\/\/agora.xtec.cat\/iescapnorfeu\/wp-json\/wp\/v2\/users\/1"}],"replies":[{"embeddable":true,"href":"https:\/\/agora.xtec.cat\/iescapnorfeu\/wp-json\/wp\/v2\/comments?post=3806"}],"version-history":[{"count":1,"href":"https:\/\/agora.xtec.cat\/iescapnorfeu\/wp-json\/wp\/v2\/posts\/3806\/revisions"}],"predecessor-version":[{"id":3808,"href":"https:\/\/agora.xtec.cat\/iescapnorfeu\/wp-json\/wp\/v2\/posts\/3806\/revisions\/3808"}],"wp:attachment":[{"href":"https:\/\/agora.xtec.cat\/iescapnorfeu\/wp-json\/wp\/v2\/media?parent=3806"}],"wp:term":[{"taxonomy":"category","embeddable":true,"href":"https:\/\/agora.xtec.cat\/iescapnorfeu\/wp-json\/wp\/v2\/categories?post=3806"},{"taxonomy":"post_tag","embeddable":true,"href":"https:\/\/agora.xtec.cat\/iescapnorfeu\/wp-json\/wp\/v2\/tags?post=3806"}],"curies":[{"name":"wp","href":"https:\/\/api.w.org\/{rel}","templated":true}]}}