{"id":3785,"date":"2024-05-29T11:48:56","date_gmt":"2024-05-29T09:48:56","guid":{"rendered":"https:\/\/agora.xtec.cat\/iescapnorfeu\/?p=3785"},"modified":"2024-05-29T11:48:56","modified_gmt":"2024-05-29T09:48:56","slug":"comissio-seguiment-28-5-24","status":"publish","type":"post","link":"https:\/\/agora.xtec.cat\/iescapnorfeu\/general\/comissio-seguiment-28-5-24\/","title":{"rendered":"COMISSI\u00d3 SEGUIMENT 28\/5\/24"},"content":{"rendered":"<p style=\"text-align: justify;\">Aquest curs hem tornat a fer la Comissi\u00f3 de Seguiment de l\u2019Institut Cap Norfeu, que \u00e9s l\u2019\u00f2rgan de seguiment i coordinaci\u00f3 de les accions previstes als convenis de col\u00b7laboraci\u00f3 dual. Est\u00e0 integrada, com a m\u00ednim, per un representant de cadascuna de les parts signat\u00e0ries (entitat i institut) i vetlla pel compliment del conveni. S\u2019han tractat, entre d\u2019altres temes, del nombre de places d\u2019estada dels aprenents, la formaci\u00f3 dels tutors o tutores d\u2019empresa, els processos de selecci\u00f3, la compensaci\u00f3 econ\u00f2mica, l\u2019organitzaci\u00f3 i el calendari, les activitats formatives i els mecanismes de seguiment i avaluaci\u00f3 de l\u2019alumnat. Tenim 174 convenis signats d\u2019Administraci\u00f3 i finances i 24 de Gesti\u00f3 administrativa.<br \/>\nPel que fa a la valoraci\u00f3 acad\u00e8mica i professional de les promocions actuals hem destacar un augment del nombre de contractes versus les beques salari, si ho comparem amb les anteriors, sobretot pel que fa a Administraci\u00f3 i finances. Seguint amb la t\u00f2nica del curs passat, tamb\u00e9 ha pujat el nombre d\u2019estudiants que no fan la formaci\u00f3 en centres de treball sin\u00f3 que directament ja realitzen les 1000 hores de formaci\u00f3 dual. Quant al calendari, hem informat que les classes comen\u00e7aran el 12 de setembre en horari de tardes. Hem explicat als empresaris qu\u00e8 \u00e9s la mem\u00f2ria dual, que \u00e9s un treball que ha de realitzar l\u2019alumnat sobre l\u2019estada a l\u2019empresa i que l\u2019ha d\u2019exposar davant un tribunal, al qual es convida sempre al tutor de l\u2019empresa.<br \/>\nHem escoltat a les entitats i hem pres nota de les seves demandes per poder millorar les futures promocions. Aix\u00ed mateix els hem informat que el curs vinent els curr\u00edculums dels cicles formatius seran diferents, tindran uns m\u00f2duls professionals nous adaptats a les actuals necessitats (Catal\u00e0 professional, Digitalitzaci\u00f3 aplicada als sectors productius, Sostenibilitat aplicada al sistema productiu, Itinerari personal per a l&#8217;ocupabilitat I i II).<br \/>\nDestaquem entre els acords presos l\u2019increment de la compensaci\u00f3 econ\u00f2mica de l\u2019alumnat en un 3,8%, quedant a un cost de 4,36 \u20ac\/ hora en el cicle de grau mitj\u00e0 de Gesti\u00f3 administrativa, en un 5,23 \u20ac\/ hora en la primera part de l\u2019estada del cicle de grau superior d\u2019Administraci\u00f3 i finances i de 6,11 \u20ac\/ hora en la segona part del mateix cicle. Tamb\u00e9 hem puntualitzat que des de l\u20191 de gener de 2024 l\u2019alumnat que realitza pr\u00e0ctiques formatives a les empreses es troba incl\u00f2s en el sistema de la Seguretat Social. L\u2019alumnat que realitza la formaci\u00f3 dual t\u00e9 una bonificaci\u00f3 del 95% de les quotes de la Seguretat Social. Totes les empreses amb qui tenim signat un conveni de col\u00b7laboraci\u00f3 dual han rebut c\u00f2pia de l\u2019acta.<br \/>\nHem finalitzat la jornada agraint la pres\u00e8ncia de nombroses entitats i empreses de la comarca de l\u2019Alt Empord\u00e0.<\/p>\n<p><a href=\"https:\/\/agora.xtec.cat\/iescapnorfeu\/wp-content\/uploads\/usu2070\/2024\/05\/280524-COMISSIO-SEGUIMENT-scaled.jpg\"><img loading=\"lazy\" decoding=\"async\" class=\"alignleft size-large wp-image-3786\" src=\"https:\/\/agora.xtec.cat\/iescapnorfeu\/wp-content\/uploads\/usu2070\/2024\/05\/280524-COMISSIO-SEGUIMENT-1024x651.jpg\" alt=\"\" width=\"1024\" height=\"651\" srcset=\"https:\/\/agora.xtec.cat\/iescapnorfeu\/wp-content\/uploads\/usu2070\/2024\/05\/280524-COMISSIO-SEGUIMENT-1024x651.jpg 1024w, https:\/\/agora.xtec.cat\/iescapnorfeu\/wp-content\/uploads\/usu2070\/2024\/05\/280524-COMISSIO-SEGUIMENT-300x191.jpg 300w, https:\/\/agora.xtec.cat\/iescapnorfeu\/wp-content\/uploads\/usu2070\/2024\/05\/280524-COMISSIO-SEGUIMENT-768x488.jpg 768w, https:\/\/agora.xtec.cat\/iescapnorfeu\/wp-content\/uploads\/usu2070\/2024\/05\/280524-COMISSIO-SEGUIMENT-1536x976.jpg 1536w, https:\/\/agora.xtec.cat\/iescapnorfeu\/wp-content\/uploads\/usu2070\/2024\/05\/280524-COMISSIO-SEGUIMENT-2048x1301.jpg 2048w\" sizes=\"auto, (max-width: 1024px) 100vw, 1024px\" \/><\/a><\/p>\n","protected":false},"excerpt":{"rendered":"<p>Aquest curs hem tornat a fer la Comissi\u00f3 de Seguiment de l\u2019Institut Cap Norfeu, que \u00e9s l\u2019\u00f2rgan de seguiment i coordinaci\u00f3 de les accions previstes als convenis de col\u00b7laboraci\u00f3 dual. Est\u00e0 integrada, com a m\u00ednim, per un representant de cadascuna de les parts signat\u00e0ries (entitat&hellip;  <a href=\"https:\/\/agora.xtec.cat\/iescapnorfeu\/general\/comissio-seguiment-28-5-24\/\" title=\"Read COMISSI\u00d3 SEGUIMENT 28\/5\/24\">Llegeix m\u00e9s\u00bb<\/a><\/p>\n","protected":false},"author":1,"featured_media":0,"comment_status":"open","ping_status":"closed","sticky":false,"template":"","format":"standard","meta":{"_bbp_topic_count":0,"_bbp_reply_count":0,"_bbp_total_topic_count":0,"_bbp_total_reply_count":0,"_bbp_voice_count":0,"_bbp_anonymous_reply_count":0,"_bbp_topic_count_hidden":0,"_bbp_reply_count_hidden":0,"_bbp_forum_subforum_count":0,"footnotes":""},"categories":[1,29],"tags":[],"class_list":["post-3785","post","type-post","status-publish","format-standard","hentry","category-general","category-portada"],"post_mailing_queue_ids":[],"_links":{"self":[{"href":"https:\/\/agora.xtec.cat\/iescapnorfeu\/wp-json\/wp\/v2\/posts\/3785","targetHints":{"allow":["GET"]}}],"collection":[{"href":"https:\/\/agora.xtec.cat\/iescapnorfeu\/wp-json\/wp\/v2\/posts"}],"about":[{"href":"https:\/\/agora.xtec.cat\/iescapnorfeu\/wp-json\/wp\/v2\/types\/post"}],"author":[{"embeddable":true,"href":"https:\/\/agora.xtec.cat\/iescapnorfeu\/wp-json\/wp\/v2\/users\/1"}],"replies":[{"embeddable":true,"href":"https:\/\/agora.xtec.cat\/iescapnorfeu\/wp-json\/wp\/v2\/comments?post=3785"}],"version-history":[{"count":1,"href":"https:\/\/agora.xtec.cat\/iescapnorfeu\/wp-json\/wp\/v2\/posts\/3785\/revisions"}],"predecessor-version":[{"id":3787,"href":"https:\/\/agora.xtec.cat\/iescapnorfeu\/wp-json\/wp\/v2\/posts\/3785\/revisions\/3787"}],"wp:attachment":[{"href":"https:\/\/agora.xtec.cat\/iescapnorfeu\/wp-json\/wp\/v2\/media?parent=3785"}],"wp:term":[{"taxonomy":"category","embeddable":true,"href":"https:\/\/agora.xtec.cat\/iescapnorfeu\/wp-json\/wp\/v2\/categories?post=3785"},{"taxonomy":"post_tag","embeddable":true,"href":"https:\/\/agora.xtec.cat\/iescapnorfeu\/wp-json\/wp\/v2\/tags?post=3785"}],"curies":[{"name":"wp","href":"https:\/\/api.w.org\/{rel}","templated":true}]}}