{"id":3774,"date":"2024-05-21T15:44:14","date_gmt":"2024-05-21T13:44:14","guid":{"rendered":"https:\/\/agora.xtec.cat\/iescapnorfeu\/?p=3774"},"modified":"2024-05-21T15:44:14","modified_gmt":"2024-05-21T13:44:14","slug":"graduacio-2n-batxillerat-promocio-2022-2024","status":"publish","type":"post","link":"https:\/\/agora.xtec.cat\/iescapnorfeu\/general\/graduacio-2n-batxillerat-promocio-2022-2024\/","title":{"rendered":"GRADUACI\u00d3 2n BATXILLERAT PROMOCI\u00d3 2022-2024"},"content":{"rendered":"<p style=\"text-align: justify;\">El divendres 17 de maig, l\u2019alumnat de 2n de Batxillerat va acomiadar el seu pas pel centre amb un emotiu acte de graduaci\u00f3. Els representants dels dos grups de la promoci\u00f3 2022-2024 van emocionar tant a fam\u00edlies com a professors amb els seus discursos, recordant els dos anys que han compartit amb els seus companys al centre.<br \/>\nActe seguit, es va procedir a l\u2019entrega de diplomes i orles i l\u2019acte va finalitzar amb les fotografies individuals i de grup que podeu veure en el seg\u00fcent <a href=\"https:\/\/drive.google.com\/drive\/folders\/1oAQB1-vVApYq7FRAKNVOp95gkeT_MTK3?usp=sharing\" target=\"_blank\" rel=\"noopener\">enlla\u00e7<\/a>.<br \/>\nDes del centre, esperem que tots els alumnes aconsegueixin accedir als estudis que desitgen i acompleixin els seus somnis.<br \/>\nMolta sort a tots\/-es!<\/p>\n<p><a href=\"https:\/\/agora.xtec.cat\/iescapnorfeu\/wp-content\/uploads\/usu2070\/2024\/05\/GradBat24.jpg\"><img loading=\"lazy\" decoding=\"async\" class=\"alignleft size-large wp-image-3775\" src=\"https:\/\/agora.xtec.cat\/iescapnorfeu\/wp-content\/uploads\/usu2070\/2024\/05\/GradBat24-1024x1024.jpg\" alt=\"\" width=\"1024\" height=\"1024\" srcset=\"https:\/\/agora.xtec.cat\/iescapnorfeu\/wp-content\/uploads\/usu2070\/2024\/05\/GradBat24-1024x1024.jpg 1024w, https:\/\/agora.xtec.cat\/iescapnorfeu\/wp-content\/uploads\/usu2070\/2024\/05\/GradBat24-300x300.jpg 300w, https:\/\/agora.xtec.cat\/iescapnorfeu\/wp-content\/uploads\/usu2070\/2024\/05\/GradBat24-150x150.jpg 150w, https:\/\/agora.xtec.cat\/iescapnorfeu\/wp-content\/uploads\/usu2070\/2024\/05\/GradBat24-768x768.jpg 768w, https:\/\/agora.xtec.cat\/iescapnorfeu\/wp-content\/uploads\/usu2070\/2024\/05\/GradBat24.jpg 1200w\" sizes=\"auto, (max-width: 1024px) 100vw, 1024px\" \/><\/a><\/p>\n","protected":false},"excerpt":{"rendered":"<p>El divendres 17 de maig, l\u2019alumnat de 2n de Batxillerat va acomiadar el seu pas pel centre amb un emotiu acte de graduaci\u00f3. Els representants dels dos grups de la promoci\u00f3 2022-2024 van emocionar tant a fam\u00edlies com a professors amb els seus discursos, recordant&hellip;  <a href=\"https:\/\/agora.xtec.cat\/iescapnorfeu\/general\/graduacio-2n-batxillerat-promocio-2022-2024\/\" title=\"Read GRADUACI\u00d3 2n BATXILLERAT PROMOCI\u00d3 2022-2024\">Llegeix m\u00e9s\u00bb<\/a><\/p>\n","protected":false},"author":1,"featured_media":0,"comment_status":"open","ping_status":"closed","sticky":false,"template":"","format":"standard","meta":{"_bbp_topic_count":0,"_bbp_reply_count":0,"_bbp_total_topic_count":0,"_bbp_total_reply_count":0,"_bbp_voice_count":0,"_bbp_anonymous_reply_count":0,"_bbp_topic_count_hidden":0,"_bbp_reply_count_hidden":0,"_bbp_forum_subforum_count":0,"footnotes":""},"categories":[1,29],"tags":[],"class_list":["post-3774","post","type-post","status-publish","format-standard","hentry","category-general","category-portada"],"post_mailing_queue_ids":[],"_links":{"self":[{"href":"https:\/\/agora.xtec.cat\/iescapnorfeu\/wp-json\/wp\/v2\/posts\/3774","targetHints":{"allow":["GET"]}}],"collection":[{"href":"https:\/\/agora.xtec.cat\/iescapnorfeu\/wp-json\/wp\/v2\/posts"}],"about":[{"href":"https:\/\/agora.xtec.cat\/iescapnorfeu\/wp-json\/wp\/v2\/types\/post"}],"author":[{"embeddable":true,"href":"https:\/\/agora.xtec.cat\/iescapnorfeu\/wp-json\/wp\/v2\/users\/1"}],"replies":[{"embeddable":true,"href":"https:\/\/agora.xtec.cat\/iescapnorfeu\/wp-json\/wp\/v2\/comments?post=3774"}],"version-history":[{"count":1,"href":"https:\/\/agora.xtec.cat\/iescapnorfeu\/wp-json\/wp\/v2\/posts\/3774\/revisions"}],"predecessor-version":[{"id":3776,"href":"https:\/\/agora.xtec.cat\/iescapnorfeu\/wp-json\/wp\/v2\/posts\/3774\/revisions\/3776"}],"wp:attachment":[{"href":"https:\/\/agora.xtec.cat\/iescapnorfeu\/wp-json\/wp\/v2\/media?parent=3774"}],"wp:term":[{"taxonomy":"category","embeddable":true,"href":"https:\/\/agora.xtec.cat\/iescapnorfeu\/wp-json\/wp\/v2\/categories?post=3774"},{"taxonomy":"post_tag","embeddable":true,"href":"https:\/\/agora.xtec.cat\/iescapnorfeu\/wp-json\/wp\/v2\/tags?post=3774"}],"curies":[{"name":"wp","href":"https:\/\/api.w.org\/{rel}","templated":true}]}}