{"id":3761,"date":"2024-05-17T13:11:47","date_gmt":"2024-05-17T11:11:47","guid":{"rendered":"https:\/\/agora.xtec.cat\/iescapnorfeu\/?p=3761"},"modified":"2024-05-17T13:12:21","modified_gmt":"2024-05-17T11:12:21","slug":"fira-de-cooperatives-dinstituts-gironins-15-5-24","status":"publish","type":"post","link":"https:\/\/agora.xtec.cat\/iescapnorfeu\/general\/fira-de-cooperatives-dinstituts-gironins-15-5-24\/","title":{"rendered":"FIRA DE COOPERATIVES D\u2019INSTITUTS GIRONINS 15\/5\/24"},"content":{"rendered":"<p style=\"text-align: justify;\">Les dues cooperatives creades pels alumnes de primer de grau mitj\u00e0 en Gesti\u00f3 Administrativa van participar al mercat de la fira, juntament amb altres Instituts de la prov\u00edncia de Girona. L&#8217;activitat ha estat impulsada per l&#8217;Ateneu Cooperatiu Terres Gironines.<br \/>\nL&#8217;acte es va iniciar amb la presentaci\u00f3 al Centre cultural de la Merc\u00e8 a Girona, on tot l&#8217;alumnat va poder gaudir d&#8217;una representaci\u00f3 teatralitzada per part de la cooperativa Efecte Mosquit. En tot moment, els valors cooperatius van ser presents. Un cop finalitzada la presentaci\u00f3 es va dur a terme l&#8217;entrega dels diplomes als representants de cada cooperativa.<br \/>\nTot seguit totes les cooperatives es van dirigir a l&#8217;empla\u00e7ament firal on van muntar les parades juntament amb la resta d&#8217;Instituts. Les dues cooperatives van oferir productes de proximitat com el fumet dels Pescadors de Roses, els taps de Cadaqu\u00e9s i les plantes dels companys d&#8217;ESO. Tamb\u00e9 cal donar les gr\u00e0cies a Sabons del vent de Llan\u00e7\u00e0 per proporcionar-nos els sabons 100% naturals en forma de rosa. Com cada any el 40% dels beneficis s&#8217;aportaran a una fundaci\u00f3.<\/p>\n<p><a href=\"https:\/\/agora.xtec.cat\/iescapnorfeu\/wp-content\/uploads\/usu2070\/2024\/05\/SORTIDA-COOPERATIVA-150524-2.jpg\"><img loading=\"lazy\" decoding=\"async\" class=\"alignleft size-large wp-image-3762\" src=\"https:\/\/agora.xtec.cat\/iescapnorfeu\/wp-content\/uploads\/usu2070\/2024\/05\/SORTIDA-COOPERATIVA-150524-2-1024x768.jpg\" alt=\"\" width=\"1024\" height=\"768\" srcset=\"https:\/\/agora.xtec.cat\/iescapnorfeu\/wp-content\/uploads\/usu2070\/2024\/05\/SORTIDA-COOPERATIVA-150524-2-1024x768.jpg 1024w, https:\/\/agora.xtec.cat\/iescapnorfeu\/wp-content\/uploads\/usu2070\/2024\/05\/SORTIDA-COOPERATIVA-150524-2-300x225.jpg 300w, https:\/\/agora.xtec.cat\/iescapnorfeu\/wp-content\/uploads\/usu2070\/2024\/05\/SORTIDA-COOPERATIVA-150524-2-768x576.jpg 768w, https:\/\/agora.xtec.cat\/iescapnorfeu\/wp-content\/uploads\/usu2070\/2024\/05\/SORTIDA-COOPERATIVA-150524-2-1536x1152.jpg 1536w, https:\/\/agora.xtec.cat\/iescapnorfeu\/wp-content\/uploads\/usu2070\/2024\/05\/SORTIDA-COOPERATIVA-150524-2-200x150.jpg 200w, https:\/\/agora.xtec.cat\/iescapnorfeu\/wp-content\/uploads\/usu2070\/2024\/05\/SORTIDA-COOPERATIVA-150524-2.jpg 2048w\" sizes=\"auto, (max-width: 1024px) 100vw, 1024px\" \/><\/a><\/p>\n","protected":false},"excerpt":{"rendered":"<p>Les dues cooperatives creades pels alumnes de primer de grau mitj\u00e0 en Gesti\u00f3 Administrativa van participar al mercat de la fira, juntament amb altres Instituts de la prov\u00edncia de Girona. L&#8217;activitat ha estat impulsada per l&#8217;Ateneu Cooperatiu Terres Gironines.<br \/>\nL&#8217;acte es va iniciar amb la presentaci\u00f3&hellip;  <a href=\"https:\/\/agora.xtec.cat\/iescapnorfeu\/general\/fira-de-cooperatives-dinstituts-gironins-15-5-24\/\" title=\"Read FIRA DE COOPERATIVES D\u2019INSTITUTS GIRONINS 15\/5\/24\">Llegeix m\u00e9s\u00bb<\/a><\/p>\n","protected":false},"author":1,"featured_media":0,"comment_status":"open","ping_status":"closed","sticky":false,"template":"","format":"standard","meta":{"_bbp_topic_count":0,"_bbp_reply_count":0,"_bbp_total_topic_count":0,"_bbp_total_reply_count":0,"_bbp_voice_count":0,"_bbp_anonymous_reply_count":0,"_bbp_topic_count_hidden":0,"_bbp_reply_count_hidden":0,"_bbp_forum_subforum_count":0,"footnotes":""},"categories":[1,29],"tags":[],"class_list":["post-3761","post","type-post","status-publish","format-standard","hentry","category-general","category-portada"],"post_mailing_queue_ids":[],"_links":{"self":[{"href":"https:\/\/agora.xtec.cat\/iescapnorfeu\/wp-json\/wp\/v2\/posts\/3761","targetHints":{"allow":["GET"]}}],"collection":[{"href":"https:\/\/agora.xtec.cat\/iescapnorfeu\/wp-json\/wp\/v2\/posts"}],"about":[{"href":"https:\/\/agora.xtec.cat\/iescapnorfeu\/wp-json\/wp\/v2\/types\/post"}],"author":[{"embeddable":true,"href":"https:\/\/agora.xtec.cat\/iescapnorfeu\/wp-json\/wp\/v2\/users\/1"}],"replies":[{"embeddable":true,"href":"https:\/\/agora.xtec.cat\/iescapnorfeu\/wp-json\/wp\/v2\/comments?post=3761"}],"version-history":[{"count":2,"href":"https:\/\/agora.xtec.cat\/iescapnorfeu\/wp-json\/wp\/v2\/posts\/3761\/revisions"}],"predecessor-version":[{"id":3764,"href":"https:\/\/agora.xtec.cat\/iescapnorfeu\/wp-json\/wp\/v2\/posts\/3761\/revisions\/3764"}],"wp:attachment":[{"href":"https:\/\/agora.xtec.cat\/iescapnorfeu\/wp-json\/wp\/v2\/media?parent=3761"}],"wp:term":[{"taxonomy":"category","embeddable":true,"href":"https:\/\/agora.xtec.cat\/iescapnorfeu\/wp-json\/wp\/v2\/categories?post=3761"},{"taxonomy":"post_tag","embeddable":true,"href":"https:\/\/agora.xtec.cat\/iescapnorfeu\/wp-json\/wp\/v2\/tags?post=3761"}],"curies":[{"name":"wp","href":"https:\/\/api.w.org\/{rel}","templated":true}]}}