{"id":3756,"date":"2024-05-17T13:08:23","date_gmt":"2024-05-17T11:08:23","guid":{"rendered":"https:\/\/agora.xtec.cat\/iescapnorfeu\/?p=3756"},"modified":"2024-05-17T13:08:46","modified_gmt":"2024-05-17T11:08:46","slug":"xerrada-informativa-curs-subvencionat-demprenedoria","status":"publish","type":"post","link":"https:\/\/agora.xtec.cat\/iescapnorfeu\/general\/xerrada-informativa-curs-subvencionat-demprenedoria\/","title":{"rendered":"XERRADA INFORMATIVA CURS SUBVENCIONAT D&#8217;EMPRENEDORIA"},"content":{"rendered":"<p style=\"text-align: justify;\">El dimarts 14 de maig de 2024, a l&#8217;Institut Cap Norfeu de Roses, es va dur a terme una xerrada informativa adre\u00e7ada als alumnes dels Cicles de Gesti\u00f3 Administrativa de 1r de Grau Mitj\u00e0 i 1r de Grau Superior en el marc del projecte &#8220;Foment de l&#8217;emprenedoria i l&#8217;autoocupaci\u00f3&#8221; dins de l&#8217;assignatura de FOL (Formaci\u00f3 i Orientaci\u00f3 Laboral). La xerrada fou impartida per Marc Duran, consultor d&#8217;empresa, assessor personal d&#8217;emprenedors i empresaris, i coordinador del curs &#8220;Com crear la teva empresa&#8221; per ICON.<br \/>\nEls alumnes assistents van tenir l&#8217;oportunitat d&#8217;escoltar les explicacions de Marc Duran sobre les caracter\u00edstiques d&#8217;aquest curs de 60 hores de durada subvencionat per la Cambra de Comer\u00e7 de Girona amb fons europeus. El curs, que tindr\u00e0 lloc de manera presencial a Figueres entre el 20 de maig i el 25 de juny, est\u00e0 enfocat a fomentar l&#8217;esperit emprenedor i dotar als participants de les eines necess\u00e0ries per crear el seu propi negoci.<br \/>\nDurant la xerrada, es van detallar els continguts del curs, que abastaran des de la generaci\u00f3 i validaci\u00f3 d&#8217;idees de negoci, fins a l&#8217;elaboraci\u00f3 del pla d&#8217;empresa, passant per aspectes clau com el m\u00e0rqueting, la gesti\u00f3 financera o els tr\u00e0mits de constituci\u00f3. A m\u00e9s, Duran va informar sobre les possibles subvencions a les quals poden optar els joves emprenedors un cop finalitzat el curs.<br \/>\nLa sessi\u00f3 tamb\u00e9 va comptar amb un torn de preguntes on es van resoldre els dubtes plantejats pels alumnes assistents. Es va ressaltar la import\u00e0ncia de l&#8217;emprenedoria com a via per generar ocupaci\u00f3 i riquesa al territori.<br \/>\nAquesta activitat s&#8217;emmarca dins les accions que el centre duu a terme per apropar els alumnes al m\u00f3n laboral i empresarial, dotant-los de coneixements i compet\u00e8ncies valuoses de cara a la seva futura inserci\u00f3 professional.<\/p>\n<p><a href=\"https:\/\/agora.xtec.cat\/iescapnorfeu\/wp-content\/uploads\/usu2070\/2024\/05\/Xerrada-CURS-EMPRENEDORIA-140524.jpg\"><img loading=\"lazy\" decoding=\"async\" class=\"alignleft size-large wp-image-3757\" src=\"https:\/\/agora.xtec.cat\/iescapnorfeu\/wp-content\/uploads\/usu2070\/2024\/05\/Xerrada-CURS-EMPRENEDORIA-140524-1024x461.jpg\" alt=\"\" width=\"1024\" height=\"461\" srcset=\"https:\/\/agora.xtec.cat\/iescapnorfeu\/wp-content\/uploads\/usu2070\/2024\/05\/Xerrada-CURS-EMPRENEDORIA-140524-1024x461.jpg 1024w, https:\/\/agora.xtec.cat\/iescapnorfeu\/wp-content\/uploads\/usu2070\/2024\/05\/Xerrada-CURS-EMPRENEDORIA-140524-300x135.jpg 300w, https:\/\/agora.xtec.cat\/iescapnorfeu\/wp-content\/uploads\/usu2070\/2024\/05\/Xerrada-CURS-EMPRENEDORIA-140524-768x346.jpg 768w, https:\/\/agora.xtec.cat\/iescapnorfeu\/wp-content\/uploads\/usu2070\/2024\/05\/Xerrada-CURS-EMPRENEDORIA-140524-1536x691.jpg 1536w, https:\/\/agora.xtec.cat\/iescapnorfeu\/wp-content\/uploads\/usu2070\/2024\/05\/Xerrada-CURS-EMPRENEDORIA-140524.jpg 2000w\" sizes=\"auto, (max-width: 1024px) 100vw, 1024px\" \/><\/a><\/p>\n","protected":false},"excerpt":{"rendered":"<p>El dimarts 14 de maig de 2024, a l&#8217;Institut Cap Norfeu de Roses, es va dur a terme una xerrada informativa adre\u00e7ada als alumnes dels Cicles de Gesti\u00f3 Administrativa de 1r de Grau Mitj\u00e0 i 1r de Grau Superior en el marc del projecte &#8220;Foment&hellip;  <a href=\"https:\/\/agora.xtec.cat\/iescapnorfeu\/general\/xerrada-informativa-curs-subvencionat-demprenedoria\/\" title=\"Read XERRADA INFORMATIVA CURS SUBVENCIONAT D&#8217;EMPRENEDORIA\">Llegeix m\u00e9s\u00bb<\/a><\/p>\n","protected":false},"author":1,"featured_media":0,"comment_status":"open","ping_status":"closed","sticky":false,"template":"","format":"standard","meta":{"_bbp_topic_count":0,"_bbp_reply_count":0,"_bbp_total_topic_count":0,"_bbp_total_reply_count":0,"_bbp_voice_count":0,"_bbp_anonymous_reply_count":0,"_bbp_topic_count_hidden":0,"_bbp_reply_count_hidden":0,"_bbp_forum_subforum_count":0,"footnotes":""},"categories":[1,29],"tags":[],"class_list":["post-3756","post","type-post","status-publish","format-standard","hentry","category-general","category-portada"],"post_mailing_queue_ids":[],"_links":{"self":[{"href":"https:\/\/agora.xtec.cat\/iescapnorfeu\/wp-json\/wp\/v2\/posts\/3756","targetHints":{"allow":["GET"]}}],"collection":[{"href":"https:\/\/agora.xtec.cat\/iescapnorfeu\/wp-json\/wp\/v2\/posts"}],"about":[{"href":"https:\/\/agora.xtec.cat\/iescapnorfeu\/wp-json\/wp\/v2\/types\/post"}],"author":[{"embeddable":true,"href":"https:\/\/agora.xtec.cat\/iescapnorfeu\/wp-json\/wp\/v2\/users\/1"}],"replies":[{"embeddable":true,"href":"https:\/\/agora.xtec.cat\/iescapnorfeu\/wp-json\/wp\/v2\/comments?post=3756"}],"version-history":[{"count":3,"href":"https:\/\/agora.xtec.cat\/iescapnorfeu\/wp-json\/wp\/v2\/posts\/3756\/revisions"}],"predecessor-version":[{"id":3760,"href":"https:\/\/agora.xtec.cat\/iescapnorfeu\/wp-json\/wp\/v2\/posts\/3756\/revisions\/3760"}],"wp:attachment":[{"href":"https:\/\/agora.xtec.cat\/iescapnorfeu\/wp-json\/wp\/v2\/media?parent=3756"}],"wp:term":[{"taxonomy":"category","embeddable":true,"href":"https:\/\/agora.xtec.cat\/iescapnorfeu\/wp-json\/wp\/v2\/categories?post=3756"},{"taxonomy":"post_tag","embeddable":true,"href":"https:\/\/agora.xtec.cat\/iescapnorfeu\/wp-json\/wp\/v2\/tags?post=3756"}],"curies":[{"name":"wp","href":"https:\/\/api.w.org\/{rel}","templated":true}]}}