{"id":3734,"date":"2024-05-15T15:33:18","date_gmt":"2024-05-15T13:33:18","guid":{"rendered":"https:\/\/agora.xtec.cat\/iescapnorfeu\/?p=3734"},"modified":"2024-05-15T15:44:13","modified_gmt":"2024-05-15T13:44:13","slug":"ens-visiten-maite-carranza-i-ana-alcolea","status":"publish","type":"post","link":"https:\/\/agora.xtec.cat\/iescapnorfeu\/general\/ens-visiten-maite-carranza-i-ana-alcolea\/","title":{"rendered":"ENS VISITEN MAITE CARRANZA I ANA ALCOLEA"},"content":{"rendered":"<p style=\"text-align: justify;\">Els alumnes del Cap Norfeu han tingut recentment el privilegi de rebre dues autores de renom dins l\u2019\u00e0mbit de la Literatura Castellana: Maite Carranza i Ana Alcolea, ambdues molt premiades i de reconeguda traject\u00f2ria liter\u00e0ria.<\/p>\n<p><a href=\"https:\/\/agora.xtec.cat\/iescapnorfeu\/wp-content\/uploads\/usu2070\/2024\/05\/FOTO-AUTORES-scaled.jpg\"><img loading=\"lazy\" decoding=\"async\" class=\"alignleft size-large wp-image-3745\" src=\"https:\/\/agora.xtec.cat\/iescapnorfeu\/wp-content\/uploads\/usu2070\/2024\/05\/FOTO-AUTORES-1024x619.jpg\" alt=\"\" width=\"1024\" height=\"619\" srcset=\"https:\/\/agora.xtec.cat\/iescapnorfeu\/wp-content\/uploads\/usu2070\/2024\/05\/FOTO-AUTORES-1024x619.jpg 1024w, https:\/\/agora.xtec.cat\/iescapnorfeu\/wp-content\/uploads\/usu2070\/2024\/05\/FOTO-AUTORES-300x181.jpg 300w, https:\/\/agora.xtec.cat\/iescapnorfeu\/wp-content\/uploads\/usu2070\/2024\/05\/FOTO-AUTORES-768x464.jpg 768w, https:\/\/agora.xtec.cat\/iescapnorfeu\/wp-content\/uploads\/usu2070\/2024\/05\/FOTO-AUTORES-1536x929.jpg 1536w, https:\/\/agora.xtec.cat\/iescapnorfeu\/wp-content\/uploads\/usu2070\/2024\/05\/FOTO-AUTORES-2048x1238.jpg 2048w\" sizes=\"auto, (max-width: 1024px) 100vw, 1024px\" \/><\/a><\/p>\n<p>&nbsp;<\/p>\n<p style=\"text-align: justify;\">El dijous 9 de maig, a la Mediateca de l\u2019Institut, els participants del Club de lectura d\u2019Una bala per al record del curs passat, aix\u00ed com l\u2019alumnat que enguany ha llegit a la plataforma Fiction Express El acantilado, La tormenta i D\u00edas de Ceniza van poder con\u00e8ixer en persona la seva autora, Maite Carranza. L\u2019escriptora, antrop\u00f2loga, historiadora i guionista ens va explicar molts detalls sobre Una bala per al record com, per exemple, quina \u00e9s la hist\u00f2ria real que motiva la creaci\u00f3 de la novel\u00b7la (\u201cLas aguas del Puerto se ti\u00f1en de rojo\u201d) o que Pascual Dorado era l\u2019aut\u00e8ntica identitat de Miquel Serna, el noi que amb tretze anys, nom\u00e9s acompanyat de la seva gosseta, protagonitza el rescat del seu pare republic\u00e0 d\u2019un camp de concentraci\u00f3, entre les muntanyes de les comarques del nord de Pal\u00e8ncia i Ast\u00faries. Maite Carranza ens va captivar amb un relat proper i ple de detalls sobre com es va patir la Guerra Civil al nord de la Pen\u00ednsula.<\/p>\n<p><a href=\"https:\/\/agora.xtec.cat\/iescapnorfeu\/wp-content\/uploads\/usu2070\/2024\/05\/IMG-20240510-WA0011.jpg\"><img loading=\"lazy\" decoding=\"async\" class=\"alignleft size-large wp-image-3746\" src=\"https:\/\/agora.xtec.cat\/iescapnorfeu\/wp-content\/uploads\/usu2070\/2024\/05\/IMG-20240510-WA0011-1024x768.jpg\" alt=\"\" width=\"1024\" height=\"768\" srcset=\"https:\/\/agora.xtec.cat\/iescapnorfeu\/wp-content\/uploads\/usu2070\/2024\/05\/IMG-20240510-WA0011-1024x768.jpg 1024w, https:\/\/agora.xtec.cat\/iescapnorfeu\/wp-content\/uploads\/usu2070\/2024\/05\/IMG-20240510-WA0011-300x225.jpg 300w, https:\/\/agora.xtec.cat\/iescapnorfeu\/wp-content\/uploads\/usu2070\/2024\/05\/IMG-20240510-WA0011-768x576.jpg 768w, https:\/\/agora.xtec.cat\/iescapnorfeu\/wp-content\/uploads\/usu2070\/2024\/05\/IMG-20240510-WA0011-1536x1152.jpg 1536w, https:\/\/agora.xtec.cat\/iescapnorfeu\/wp-content\/uploads\/usu2070\/2024\/05\/IMG-20240510-WA0011-200x150.jpg 200w, https:\/\/agora.xtec.cat\/iescapnorfeu\/wp-content\/uploads\/usu2070\/2024\/05\/IMG-20240510-WA0011.jpg 2048w\" sizes=\"auto, (max-width: 1024px) 100vw, 1024px\" \/><\/a><\/p>\n<p>&nbsp;<\/p>\n<p style=\"text-align: justify;\">El divendres 10 de maig, al mateix espai, els alumnes de 1r d\u2019ESO van rebre l\u2019autora d\u2019El medall\u00f3n perdido, Ana Alcolea. En aquesta ocasi\u00f3, l\u2019autora, que tamb\u00e9 ha estat professora de Llengua Castellana y Literatura, apassionada d\u2019El Quijote, ens va explicar com introdueix en aquesta novel\u00b7la la t\u00e8cnica de Cervantes, la narraci\u00f3 dins la narraci\u00f3. El jove Benjam\u00edn es passeja pel Retiro entre les casetes de llibres i observa el t\u00edtol d&#8217;un exemplar que, casualment, tamb\u00e9 \u00e9s \u201cEl medall\u00f3n perdido\u201d. Aquesta coincid\u00e8ncia el porta a recordar uns esdeveniments que van passar cinc anys enrere i que van canviar la seva vida. L\u2019escriptora va voler explicar als alumnes com neixen les hist\u00f2ries i per qu\u00e8 les escrivim. En el seu cas, despr\u00e9s d\u2019una p\u00e8rdua d\u2019un familiar molt proper, mort en una accident d\u2019avioneta a Gabon, va sentir la necessitat d\u2019explicar-ho. Llavors va crear uns personatges que poguessin mantenir viva per sempre la seva mem\u00f2ria, i va transformar la seva hist\u00f2ria en aquesta novel\u00b7la. Per tant, El medall\u00f3n perdido \u00e9s un sincer homenatge a la seva fam\u00edlia i alhora \u00e9s l\u2019objecte que Benjam\u00edn vol trobar a Gabon: un medall\u00f3 real que pertany a la seva fam\u00edlia i que els alumnes van tenir la sort de tocar i tenir a les seves pr\u00f2pies mans. Tot un luxe!<\/p>\n<p>&nbsp;<\/p>\n","protected":false},"excerpt":{"rendered":"<p>Els alumnes del Cap Norfeu han tingut recentment el privilegi de rebre dues autores de renom dins l\u2019\u00e0mbit de la Literatura Castellana: Maite Carranza i Ana Alcolea, ambdues molt premiades i de reconeguda traject\u00f2ria liter\u00e0ria.<br \/>\n<a href=\"https:\/\/agora.xtec.cat\/iescapnorfeu\/wp-content\/uploads\/usu2070\/2024\/05\/FOTO-AUTORES-scaled.jpg\"><\/a><br \/>\n&nbsp;<br \/>\nEl dijous 9 de maig, a la Mediateca de l\u2019Institut,&hellip;  <a href=\"https:\/\/agora.xtec.cat\/iescapnorfeu\/general\/ens-visiten-maite-carranza-i-ana-alcolea\/\" title=\"Read ENS VISITEN MAITE CARRANZA I ANA ALCOLEA\">Llegeix m\u00e9s\u00bb<\/a><\/p>\n","protected":false},"author":1,"featured_media":0,"comment_status":"open","ping_status":"closed","sticky":false,"template":"","format":"standard","meta":{"_bbp_topic_count":0,"_bbp_reply_count":0,"_bbp_total_topic_count":0,"_bbp_total_reply_count":0,"_bbp_voice_count":0,"_bbp_anonymous_reply_count":0,"_bbp_topic_count_hidden":0,"_bbp_reply_count_hidden":0,"_bbp_forum_subforum_count":0,"footnotes":""},"categories":[1,29],"tags":[],"class_list":["post-3734","post","type-post","status-publish","format-standard","hentry","category-general","category-portada"],"post_mailing_queue_ids":[],"_links":{"self":[{"href":"https:\/\/agora.xtec.cat\/iescapnorfeu\/wp-json\/wp\/v2\/posts\/3734","targetHints":{"allow":["GET"]}}],"collection":[{"href":"https:\/\/agora.xtec.cat\/iescapnorfeu\/wp-json\/wp\/v2\/posts"}],"about":[{"href":"https:\/\/agora.xtec.cat\/iescapnorfeu\/wp-json\/wp\/v2\/types\/post"}],"author":[{"embeddable":true,"href":"https:\/\/agora.xtec.cat\/iescapnorfeu\/wp-json\/wp\/v2\/users\/1"}],"replies":[{"embeddable":true,"href":"https:\/\/agora.xtec.cat\/iescapnorfeu\/wp-json\/wp\/v2\/comments?post=3734"}],"version-history":[{"count":6,"href":"https:\/\/agora.xtec.cat\/iescapnorfeu\/wp-json\/wp\/v2\/posts\/3734\/revisions"}],"predecessor-version":[{"id":3748,"href":"https:\/\/agora.xtec.cat\/iescapnorfeu\/wp-json\/wp\/v2\/posts\/3734\/revisions\/3748"}],"wp:attachment":[{"href":"https:\/\/agora.xtec.cat\/iescapnorfeu\/wp-json\/wp\/v2\/media?parent=3734"}],"wp:term":[{"taxonomy":"category","embeddable":true,"href":"https:\/\/agora.xtec.cat\/iescapnorfeu\/wp-json\/wp\/v2\/categories?post=3734"},{"taxonomy":"post_tag","embeddable":true,"href":"https:\/\/agora.xtec.cat\/iescapnorfeu\/wp-json\/wp\/v2\/tags?post=3734"}],"curies":[{"name":"wp","href":"https:\/\/api.w.org\/{rel}","templated":true}]}}