{"id":3728,"date":"2024-05-06T13:16:22","date_gmt":"2024-05-06T11:16:22","guid":{"rendered":"https:\/\/agora.xtec.cat\/iescapnorfeu\/?p=3728"},"modified":"2024-05-06T13:16:22","modified_gmt":"2024-05-06T11:16:22","slug":"visita-al-salo-de-comic","status":"publish","type":"post","link":"https:\/\/agora.xtec.cat\/iescapnorfeu\/general\/visita-al-salo-de-comic\/","title":{"rendered":"VISITA AL SAL\u00d3 DE C\u00d2MIC"},"content":{"rendered":"<p style=\"text-align: justify;\">El passat divendres 3 de maig, els alumnes de 2n d\u2019ESO van poder gaudir d\u2019un dia al Sal\u00f3 del C\u00f2mic de Barcelona, que enguany celebrava el seu 42\u00e8 aniversari. Aquesta sortida va ser organitzada pel Departament de Llengua i Literatura Castellana. Els professors\/-es acompanyants valoren molt positivament aquesta activitat, els alumnes van gaudir molt i creiem que els c\u00f2mics poden ser per a ells el cam\u00ed per a convertir-se en grans lectors.<\/p>\n<p><a href=\"https:\/\/agora.xtec.cat\/iescapnorfeu\/wp-content\/uploads\/usu2070\/2024\/05\/comic42.jpg\"><img loading=\"lazy\" decoding=\"async\" class=\"alignleft size-large wp-image-3729\" src=\"https:\/\/agora.xtec.cat\/iescapnorfeu\/wp-content\/uploads\/usu2070\/2024\/05\/comic42-1024x1024.jpg\" alt=\"\" width=\"1024\" height=\"1024\" srcset=\"https:\/\/agora.xtec.cat\/iescapnorfeu\/wp-content\/uploads\/usu2070\/2024\/05\/comic42-1024x1024.jpg 1024w, https:\/\/agora.xtec.cat\/iescapnorfeu\/wp-content\/uploads\/usu2070\/2024\/05\/comic42-300x300.jpg 300w, https:\/\/agora.xtec.cat\/iescapnorfeu\/wp-content\/uploads\/usu2070\/2024\/05\/comic42-150x150.jpg 150w, https:\/\/agora.xtec.cat\/iescapnorfeu\/wp-content\/uploads\/usu2070\/2024\/05\/comic42-768x768.jpg 768w, https:\/\/agora.xtec.cat\/iescapnorfeu\/wp-content\/uploads\/usu2070\/2024\/05\/comic42.jpg 1200w\" sizes=\"auto, (max-width: 1024px) 100vw, 1024px\" \/><\/a><\/p>\n","protected":false},"excerpt":{"rendered":"<p>El passat divendres 3 de maig, els alumnes de 2n d\u2019ESO van poder gaudir d\u2019un dia al Sal\u00f3 del C\u00f2mic de Barcelona, que enguany celebrava el seu 42\u00e8 aniversari. Aquesta sortida va ser organitzada pel Departament de Llengua i Literatura Castellana. Els professors\/-es acompanyants valoren&hellip;  <a href=\"https:\/\/agora.xtec.cat\/iescapnorfeu\/general\/visita-al-salo-de-comic\/\" title=\"Read VISITA AL SAL\u00d3 DE C\u00d2MIC\">Llegeix m\u00e9s\u00bb<\/a><\/p>\n","protected":false},"author":1,"featured_media":0,"comment_status":"open","ping_status":"closed","sticky":false,"template":"","format":"standard","meta":{"_bbp_topic_count":0,"_bbp_reply_count":0,"_bbp_total_topic_count":0,"_bbp_total_reply_count":0,"_bbp_voice_count":0,"_bbp_anonymous_reply_count":0,"_bbp_topic_count_hidden":0,"_bbp_reply_count_hidden":0,"_bbp_forum_subforum_count":0,"footnotes":""},"categories":[1,29],"tags":[],"class_list":["post-3728","post","type-post","status-publish","format-standard","hentry","category-general","category-portada"],"post_mailing_queue_ids":[],"_links":{"self":[{"href":"https:\/\/agora.xtec.cat\/iescapnorfeu\/wp-json\/wp\/v2\/posts\/3728","targetHints":{"allow":["GET"]}}],"collection":[{"href":"https:\/\/agora.xtec.cat\/iescapnorfeu\/wp-json\/wp\/v2\/posts"}],"about":[{"href":"https:\/\/agora.xtec.cat\/iescapnorfeu\/wp-json\/wp\/v2\/types\/post"}],"author":[{"embeddable":true,"href":"https:\/\/agora.xtec.cat\/iescapnorfeu\/wp-json\/wp\/v2\/users\/1"}],"replies":[{"embeddable":true,"href":"https:\/\/agora.xtec.cat\/iescapnorfeu\/wp-json\/wp\/v2\/comments?post=3728"}],"version-history":[{"count":1,"href":"https:\/\/agora.xtec.cat\/iescapnorfeu\/wp-json\/wp\/v2\/posts\/3728\/revisions"}],"predecessor-version":[{"id":3730,"href":"https:\/\/agora.xtec.cat\/iescapnorfeu\/wp-json\/wp\/v2\/posts\/3728\/revisions\/3730"}],"wp:attachment":[{"href":"https:\/\/agora.xtec.cat\/iescapnorfeu\/wp-json\/wp\/v2\/media?parent=3728"}],"wp:term":[{"taxonomy":"category","embeddable":true,"href":"https:\/\/agora.xtec.cat\/iescapnorfeu\/wp-json\/wp\/v2\/categories?post=3728"},{"taxonomy":"post_tag","embeddable":true,"href":"https:\/\/agora.xtec.cat\/iescapnorfeu\/wp-json\/wp\/v2\/tags?post=3728"}],"curies":[{"name":"wp","href":"https:\/\/api.w.org\/{rel}","templated":true}]}}