{"id":3720,"date":"2024-04-29T10:24:52","date_gmt":"2024-04-29T08:24:52","guid":{"rendered":"https:\/\/agora.xtec.cat\/iescapnorfeu\/?p=3720"},"modified":"2024-04-29T10:25:22","modified_gmt":"2024-04-29T08:25:22","slug":"sortida-a-lajuntament-de-roses","status":"publish","type":"post","link":"https:\/\/agora.xtec.cat\/iescapnorfeu\/general\/sortida-a-lajuntament-de-roses\/","title":{"rendered":"SORTIDA A L&#8217;AJUNTAMENT DE ROSES"},"content":{"rendered":"<p style=\"text-align: justify;\">El passat dia 24 d\u2019abril a la tarda alguns alumnes de primer de cicle formatiu de Gesti\u00f3 administrativa i els de primer d\u2019Administraci\u00f3 i finances van fer una sortida per visitar l\u2019Ajuntament de Roses. Els alumnes van entrar a la sala de plens, varen escoltar les explicacions de l\u2019Alcalde i la Regidora d\u2019Ensenyament i varen poder preguntar tot all\u00f2 que varen voler. Aix\u00ed varen poder ampliar coneixements dels m\u00f2duls professionals Empresa i Administraci\u00f3 i Gesti\u00f3 de la documentaci\u00f3 jur\u00eddica i empresarial.<br \/>\nFinalment els alumnes van poder visitar el despatx d\u2019alcaldia i fer-s\u2019hi fotografies.<br \/>\nDes d\u2019aqu\u00ed volem agrair el tracte rebut per l\u2019Ajuntament de Roses, en especial, a l\u2019Alcalde i a la Regidora d\u2019Ensenyament, aix\u00ed com a tots els participants pel seu bon comportament.<\/p>\n<p><a href=\"https:\/\/agora.xtec.cat\/iescapnorfeu\/wp-content\/uploads\/usu2070\/2024\/04\/Ajuntament-de-Roses-240424-1-1-scaled.jpg\"><img loading=\"lazy\" decoding=\"async\" class=\"alignleft size-large wp-image-3721\" src=\"https:\/\/agora.xtec.cat\/iescapnorfeu\/wp-content\/uploads\/usu2070\/2024\/04\/Ajuntament-de-Roses-240424-1-1-1024x768.jpg\" alt=\"\" width=\"1024\" height=\"768\" srcset=\"https:\/\/agora.xtec.cat\/iescapnorfeu\/wp-content\/uploads\/usu2070\/2024\/04\/Ajuntament-de-Roses-240424-1-1-1024x768.jpg 1024w, https:\/\/agora.xtec.cat\/iescapnorfeu\/wp-content\/uploads\/usu2070\/2024\/04\/Ajuntament-de-Roses-240424-1-1-300x225.jpg 300w, https:\/\/agora.xtec.cat\/iescapnorfeu\/wp-content\/uploads\/usu2070\/2024\/04\/Ajuntament-de-Roses-240424-1-1-768x576.jpg 768w, https:\/\/agora.xtec.cat\/iescapnorfeu\/wp-content\/uploads\/usu2070\/2024\/04\/Ajuntament-de-Roses-240424-1-1-1536x1152.jpg 1536w, https:\/\/agora.xtec.cat\/iescapnorfeu\/wp-content\/uploads\/usu2070\/2024\/04\/Ajuntament-de-Roses-240424-1-1-2048x1536.jpg 2048w, https:\/\/agora.xtec.cat\/iescapnorfeu\/wp-content\/uploads\/usu2070\/2024\/04\/Ajuntament-de-Roses-240424-1-1-200x150.jpg 200w\" sizes=\"auto, (max-width: 1024px) 100vw, 1024px\" \/><\/a><\/p>\n","protected":false},"excerpt":{"rendered":"<p>El passat dia 24 d\u2019abril a la tarda alguns alumnes de primer de cicle formatiu de Gesti\u00f3 administrativa i els de primer d\u2019Administraci\u00f3 i finances van fer una sortida per visitar l\u2019Ajuntament de Roses. Els alumnes van entrar a la sala de plens, varen escoltar&hellip;  <a href=\"https:\/\/agora.xtec.cat\/iescapnorfeu\/general\/sortida-a-lajuntament-de-roses\/\" title=\"Read SORTIDA A L&#8217;AJUNTAMENT DE ROSES\">Llegeix m\u00e9s\u00bb<\/a><\/p>\n","protected":false},"author":1,"featured_media":0,"comment_status":"open","ping_status":"closed","sticky":false,"template":"","format":"standard","meta":{"_bbp_topic_count":0,"_bbp_reply_count":0,"_bbp_total_topic_count":0,"_bbp_total_reply_count":0,"_bbp_voice_count":0,"_bbp_anonymous_reply_count":0,"_bbp_topic_count_hidden":0,"_bbp_reply_count_hidden":0,"_bbp_forum_subforum_count":0,"footnotes":""},"categories":[1,29],"tags":[],"class_list":["post-3720","post","type-post","status-publish","format-standard","hentry","category-general","category-portada"],"post_mailing_queue_ids":[],"_links":{"self":[{"href":"https:\/\/agora.xtec.cat\/iescapnorfeu\/wp-json\/wp\/v2\/posts\/3720","targetHints":{"allow":["GET"]}}],"collection":[{"href":"https:\/\/agora.xtec.cat\/iescapnorfeu\/wp-json\/wp\/v2\/posts"}],"about":[{"href":"https:\/\/agora.xtec.cat\/iescapnorfeu\/wp-json\/wp\/v2\/types\/post"}],"author":[{"embeddable":true,"href":"https:\/\/agora.xtec.cat\/iescapnorfeu\/wp-json\/wp\/v2\/users\/1"}],"replies":[{"embeddable":true,"href":"https:\/\/agora.xtec.cat\/iescapnorfeu\/wp-json\/wp\/v2\/comments?post=3720"}],"version-history":[{"count":2,"href":"https:\/\/agora.xtec.cat\/iescapnorfeu\/wp-json\/wp\/v2\/posts\/3720\/revisions"}],"predecessor-version":[{"id":3723,"href":"https:\/\/agora.xtec.cat\/iescapnorfeu\/wp-json\/wp\/v2\/posts\/3720\/revisions\/3723"}],"wp:attachment":[{"href":"https:\/\/agora.xtec.cat\/iescapnorfeu\/wp-json\/wp\/v2\/media?parent=3720"}],"wp:term":[{"taxonomy":"category","embeddable":true,"href":"https:\/\/agora.xtec.cat\/iescapnorfeu\/wp-json\/wp\/v2\/categories?post=3720"},{"taxonomy":"post_tag","embeddable":true,"href":"https:\/\/agora.xtec.cat\/iescapnorfeu\/wp-json\/wp\/v2\/tags?post=3720"}],"curies":[{"name":"wp","href":"https:\/\/api.w.org\/{rel}","templated":true}]}}