{"id":3715,"date":"2024-04-25T13:21:28","date_gmt":"2024-04-25T11:21:28","guid":{"rendered":"https:\/\/agora.xtec.cat\/iescapnorfeu\/?p=3715"},"modified":"2024-04-25T13:23:32","modified_gmt":"2024-04-25T11:23:32","slug":"sant-jordi-2024","status":"publish","type":"post","link":"https:\/\/agora.xtec.cat\/iescapnorfeu\/general\/sant-jordi-2024\/","title":{"rendered":"SANT JORDI 2024"},"content":{"rendered":"<p style=\"text-align: justify;\">Un any m\u00e9s, l&#8217;Institut Cap Norfeu ha commemorat la diada de Sant Jordi organitzant la XX Marat\u00f3 Po\u00e8tica. Durant tot el mat\u00ed el nostre gimn\u00e0s va ser l&#8217;escenari de m\u00faltiples recitacions de poemes, inclosa la participaci\u00f3 dels alumnes de 5\u00e8 de Prim\u00e0ria de les escoles Montserrat Vayreda, El Grecs i Narc\u00eds Monturiol que ens van venir a visitar. La jornada va estar plena de concursos: Lectura en veu alta (1r ESO), Picalletres (2n ESO), Debats (3r ESO) i Trivial (4t ESO).<br \/>\nLa Diada va ser molt enriquidora i va acabar amb l&#8217;entrega de premis en les diverses categories de concursos, tant els art\u00edstics i literaris com els abans esmentats.<br \/>\nGr\u00e0cies a tothom per la seva participaci\u00f3 i implicaci\u00f3, i especialment a l&#8217;AMPA del nostre centre per subvencionar tots i cada un dels premis de les diferents categories.<br \/>\nUs adjuntem les fotografies de la jornada en aquest <a href=\"https:\/\/drive.google.com\/drive\/folders\/1DmkvSK3PivIGB0H0KRcKpp7vQzpL16T7?usp=sharing\" target=\"_blank\" rel=\"noopener\">enlla\u00e7<\/a>.<br \/>\nVisca Sant Jordi!<\/p>\n<p><a href=\"https:\/\/agora.xtec.cat\/iescapnorfeu\/wp-content\/uploads\/usu2070\/2024\/04\/20240423_143924-scaled.jpg\"><img loading=\"lazy\" decoding=\"async\" class=\"alignleft size-large wp-image-3716\" src=\"https:\/\/agora.xtec.cat\/iescapnorfeu\/wp-content\/uploads\/usu2070\/2024\/04\/20240423_143924-1024x508.jpg\" alt=\"\" width=\"1024\" height=\"508\" srcset=\"https:\/\/agora.xtec.cat\/iescapnorfeu\/wp-content\/uploads\/usu2070\/2024\/04\/20240423_143924-1024x508.jpg 1024w, https:\/\/agora.xtec.cat\/iescapnorfeu\/wp-content\/uploads\/usu2070\/2024\/04\/20240423_143924-300x149.jpg 300w, https:\/\/agora.xtec.cat\/iescapnorfeu\/wp-content\/uploads\/usu2070\/2024\/04\/20240423_143924-768x381.jpg 768w, https:\/\/agora.xtec.cat\/iescapnorfeu\/wp-content\/uploads\/usu2070\/2024\/04\/20240423_143924-1536x762.jpg 1536w, https:\/\/agora.xtec.cat\/iescapnorfeu\/wp-content\/uploads\/usu2070\/2024\/04\/20240423_143924-2048x1016.jpg 2048w\" sizes=\"auto, (max-width: 1024px) 100vw, 1024px\" \/><\/a><\/p>\n","protected":false},"excerpt":{"rendered":"<p>Un any m\u00e9s, l&#8217;Institut Cap Norfeu ha commemorat la diada de Sant Jordi organitzant la XX Marat\u00f3 Po\u00e8tica. Durant tot el mat\u00ed el nostre gimn\u00e0s va ser l&#8217;escenari de m\u00faltiples recitacions de poemes, inclosa la participaci\u00f3 dels alumnes de 5\u00e8 de Prim\u00e0ria de les escoles&hellip;  <a href=\"https:\/\/agora.xtec.cat\/iescapnorfeu\/general\/sant-jordi-2024\/\" title=\"Read SANT JORDI 2024\">Llegeix m\u00e9s\u00bb<\/a><\/p>\n","protected":false},"author":1,"featured_media":0,"comment_status":"open","ping_status":"closed","sticky":false,"template":"","format":"standard","meta":{"_bbp_topic_count":0,"_bbp_reply_count":0,"_bbp_total_topic_count":0,"_bbp_total_reply_count":0,"_bbp_voice_count":0,"_bbp_anonymous_reply_count":0,"_bbp_topic_count_hidden":0,"_bbp_reply_count_hidden":0,"_bbp_forum_subforum_count":0,"footnotes":""},"categories":[1,29],"tags":[],"class_list":["post-3715","post","type-post","status-publish","format-standard","hentry","category-general","category-portada"],"post_mailing_queue_ids":[],"_links":{"self":[{"href":"https:\/\/agora.xtec.cat\/iescapnorfeu\/wp-json\/wp\/v2\/posts\/3715","targetHints":{"allow":["GET"]}}],"collection":[{"href":"https:\/\/agora.xtec.cat\/iescapnorfeu\/wp-json\/wp\/v2\/posts"}],"about":[{"href":"https:\/\/agora.xtec.cat\/iescapnorfeu\/wp-json\/wp\/v2\/types\/post"}],"author":[{"embeddable":true,"href":"https:\/\/agora.xtec.cat\/iescapnorfeu\/wp-json\/wp\/v2\/users\/1"}],"replies":[{"embeddable":true,"href":"https:\/\/agora.xtec.cat\/iescapnorfeu\/wp-json\/wp\/v2\/comments?post=3715"}],"version-history":[{"count":3,"href":"https:\/\/agora.xtec.cat\/iescapnorfeu\/wp-json\/wp\/v2\/posts\/3715\/revisions"}],"predecessor-version":[{"id":3719,"href":"https:\/\/agora.xtec.cat\/iescapnorfeu\/wp-json\/wp\/v2\/posts\/3715\/revisions\/3719"}],"wp:attachment":[{"href":"https:\/\/agora.xtec.cat\/iescapnorfeu\/wp-json\/wp\/v2\/media?parent=3715"}],"wp:term":[{"taxonomy":"category","embeddable":true,"href":"https:\/\/agora.xtec.cat\/iescapnorfeu\/wp-json\/wp\/v2\/categories?post=3715"},{"taxonomy":"post_tag","embeddable":true,"href":"https:\/\/agora.xtec.cat\/iescapnorfeu\/wp-json\/wp\/v2\/tags?post=3715"}],"curies":[{"name":"wp","href":"https:\/\/api.w.org\/{rel}","templated":true}]}}