{"id":3675,"date":"2024-03-21T12:08:04","date_gmt":"2024-03-21T11:08:04","guid":{"rendered":"https:\/\/agora.xtec.cat\/iescapnorfeu\/?p=3675"},"modified":"2024-03-21T12:08:04","modified_gmt":"2024-03-21T11:08:04","slug":"els-alumnes-de-3r-deso-visiten-el-moli-de-la-farga","status":"publish","type":"post","link":"https:\/\/agora.xtec.cat\/iescapnorfeu\/general\/els-alumnes-de-3r-deso-visiten-el-moli-de-la-farga\/","title":{"rendered":"ELS ALUMNES DE 3r D&#8217;ESO VISITEN EL MOL\u00cd DE LA FARGA"},"content":{"rendered":"<p style=\"text-align: justify;\">El dimarts 19 i el dijous 21 de mar\u00e7 els alumnes de 3r d\u2019ESO del nostre Institut van anar a visitar el Mol\u00ed de la Farga, a Banyoles.<br \/>\nAquest espai va ser constru\u00eft per a treballar l\u2019aram i es va ampliar amb un mol\u00ed paperer que funciona amb la for\u00e7a de l\u2019aigua provinent de l\u2019estany a trav\u00e9s de cinc recs existents.<br \/>\nAntigament, una gran bassa exterior permetia acumular l\u2019aigua del rec, que era condu\u00efda a les rodes hidr\u00e0uliques. Aquestes rodes feien moure els martinets, aparells que servien per utilitzar l\u2019energia hidr\u00e0ulica per al treball de forja. S\u2019hi fabricaven olles, perols i calderes, i d\u2019altres estris met\u00e0l\u00b7lics.<br \/>\nEls nostres alumnes, en el marc del seu Treball de S\u00edntesi, van fer un taller que consistia a fer paper artesanalment amb fibra vegetal. Els materials principals s\u00f3n l\u2019aigua i el cot\u00f3. Despr\u00e9s de realitzar tot el proc\u00e9s, se\u2019n van poder endur una mostra. Amb aquesta visita van apreciar la import\u00e0ncia dels recs de l\u2019estany i van experimentar amb la for\u00e7a de l\u2019aigua, fent un petit taller en grups. Posteriorment, van exposar el que havien apr\u00e8s a la resta dels seus companys.<br \/>\nTot plegat va ser una gran experi\u00e8ncia i va servir per con\u00e8ixer un dels oficis artesanals m\u00e9s antics que encara existeixen: el dels paperaires.<br \/>\nPodeu veure m\u00e9s fotos d\u2019aquesta interessant sortida en aquest\u00a0<a href=\"https:\/\/drive.google.com\/drive\/folders\/1T6PwvKIGVasYbfSNUCY6R20OTBFvGeH_?usp=sharing\" target=\"_blank\" rel=\"noopener\">enlla\u00e7<\/a>.<\/p>\n<p><a href=\"https:\/\/agora.xtec.cat\/iescapnorfeu\/wp-content\/uploads\/usu2070\/2024\/03\/FOTO-NOTICIA.jpg\"><img loading=\"lazy\" decoding=\"async\" class=\"alignleft size-large wp-image-3676\" src=\"https:\/\/agora.xtec.cat\/iescapnorfeu\/wp-content\/uploads\/usu2070\/2024\/03\/FOTO-NOTICIA-1024x641.jpg\" alt=\"\" width=\"1024\" height=\"641\" srcset=\"https:\/\/agora.xtec.cat\/iescapnorfeu\/wp-content\/uploads\/usu2070\/2024\/03\/FOTO-NOTICIA-1024x641.jpg 1024w, https:\/\/agora.xtec.cat\/iescapnorfeu\/wp-content\/uploads\/usu2070\/2024\/03\/FOTO-NOTICIA-300x188.jpg 300w, https:\/\/agora.xtec.cat\/iescapnorfeu\/wp-content\/uploads\/usu2070\/2024\/03\/FOTO-NOTICIA-768x481.jpg 768w, https:\/\/agora.xtec.cat\/iescapnorfeu\/wp-content\/uploads\/usu2070\/2024\/03\/FOTO-NOTICIA-1536x962.jpg 1536w, https:\/\/agora.xtec.cat\/iescapnorfeu\/wp-content\/uploads\/usu2070\/2024\/03\/FOTO-NOTICIA.jpg 1961w\" sizes=\"auto, (max-width: 1024px) 100vw, 1024px\" \/><\/a><\/p>\n","protected":false},"excerpt":{"rendered":"<p>El dimarts 19 i el dijous 21 de mar\u00e7 els alumnes de 3r d\u2019ESO del nostre Institut van anar a visitar el Mol\u00ed de la Farga, a Banyoles.<br \/>\nAquest espai va ser constru\u00eft per a treballar l\u2019aram i es va ampliar amb un mol\u00ed paperer que&hellip;  <a href=\"https:\/\/agora.xtec.cat\/iescapnorfeu\/general\/els-alumnes-de-3r-deso-visiten-el-moli-de-la-farga\/\" title=\"Read ELS ALUMNES DE 3r D&#8217;ESO VISITEN EL MOL\u00cd DE LA FARGA\">Llegeix m\u00e9s\u00bb<\/a><\/p>\n","protected":false},"author":1,"featured_media":0,"comment_status":"open","ping_status":"closed","sticky":false,"template":"","format":"standard","meta":{"_bbp_topic_count":0,"_bbp_reply_count":0,"_bbp_total_topic_count":0,"_bbp_total_reply_count":0,"_bbp_voice_count":0,"_bbp_anonymous_reply_count":0,"_bbp_topic_count_hidden":0,"_bbp_reply_count_hidden":0,"_bbp_forum_subforum_count":0,"footnotes":""},"categories":[1,29],"tags":[],"class_list":["post-3675","post","type-post","status-publish","format-standard","hentry","category-general","category-portada"],"post_mailing_queue_ids":[],"_links":{"self":[{"href":"https:\/\/agora.xtec.cat\/iescapnorfeu\/wp-json\/wp\/v2\/posts\/3675","targetHints":{"allow":["GET"]}}],"collection":[{"href":"https:\/\/agora.xtec.cat\/iescapnorfeu\/wp-json\/wp\/v2\/posts"}],"about":[{"href":"https:\/\/agora.xtec.cat\/iescapnorfeu\/wp-json\/wp\/v2\/types\/post"}],"author":[{"embeddable":true,"href":"https:\/\/agora.xtec.cat\/iescapnorfeu\/wp-json\/wp\/v2\/users\/1"}],"replies":[{"embeddable":true,"href":"https:\/\/agora.xtec.cat\/iescapnorfeu\/wp-json\/wp\/v2\/comments?post=3675"}],"version-history":[{"count":1,"href":"https:\/\/agora.xtec.cat\/iescapnorfeu\/wp-json\/wp\/v2\/posts\/3675\/revisions"}],"predecessor-version":[{"id":3677,"href":"https:\/\/agora.xtec.cat\/iescapnorfeu\/wp-json\/wp\/v2\/posts\/3675\/revisions\/3677"}],"wp:attachment":[{"href":"https:\/\/agora.xtec.cat\/iescapnorfeu\/wp-json\/wp\/v2\/media?parent=3675"}],"wp:term":[{"taxonomy":"category","embeddable":true,"href":"https:\/\/agora.xtec.cat\/iescapnorfeu\/wp-json\/wp\/v2\/categories?post=3675"},{"taxonomy":"post_tag","embeddable":true,"href":"https:\/\/agora.xtec.cat\/iescapnorfeu\/wp-json\/wp\/v2\/tags?post=3675"}],"curies":[{"name":"wp","href":"https:\/\/api.w.org\/{rel}","templated":true}]}}