{"id":3662,"date":"2024-03-19T13:20:37","date_gmt":"2024-03-19T12:20:37","guid":{"rendered":"https:\/\/agora.xtec.cat\/iescapnorfeu\/?p=3662"},"modified":"2024-03-19T13:20:37","modified_gmt":"2024-03-19T12:20:37","slug":"ventanas-club-de-lectura-de-castella","status":"publish","type":"post","link":"https:\/\/agora.xtec.cat\/iescapnorfeu\/general\/ventanas-club-de-lectura-de-castella\/","title":{"rendered":"\u201cVENTANAS\u201d, CLUB DE LECTURA DE CASTELL\u00c0"},"content":{"rendered":"<p style=\"text-align: justify;\">El passat 15 de mar\u00e7 els alumnes de 3r i 4t d\u2019ESO van participar en el segon club de lectura en llengua castellana. La lectura escollida va ser \u201cVentanas\u201d, de Paloma Gonz\u00e1lez Rubio. Una hist\u00f2ria contempor\u00e0nia de postguerra, en un context de totalitarisme i de repressi\u00f3 de les llibertats individuals, que narra uns fets ocorreguts durant 24h. Un mat\u00ed, uns policies tiren a terra la porta d\u2019un domicili per endur-se dues dones, germanes i mares d\u2019en Bruno, Silvina, Marina, Pablo i Mateo. S\u00f3n dissidents i han de ser castigades. En poc temps els menors descobreixen que els seus pares tamb\u00e9 han estat detinguts, estan \u201cmarcados\u201d. De sobte es troben sols; en Bruno, el m\u00e9s gran, t\u00e9 13 anys i el m\u00e9s petit, en Mateo, \u00e9s encara un lactant. L\u2019auxili dels ve\u00efns no arriba, \u00e9s considerada col\u00b7laboraci\u00f3 amb la Resist\u00e8ncia. La vigil\u00e0ncia \u00e9s constant. Com ho faran per sobreviure sense l\u2019ajuda dels que els envolten?<br \/>\nLa lectura va emocionar els nostres lectors, que van poder exposar les seves visions sobre diferents aspectes de la hist\u00f2ria, les situacions viscudes pels protagonistes com altres paral\u00b7lelismes amb realitats m\u00e9s properes.<br \/>\nEnhorabona per la vostra participaci\u00f3!!<\/p>\n<p><a href=\"https:\/\/agora.xtec.cat\/iescapnorfeu\/wp-content\/uploads\/usu2070\/2024\/03\/PHOTO-2024-03-18-09-41-32.jpg\"><img loading=\"lazy\" decoding=\"async\" class=\"alignleft size-large wp-image-3663\" src=\"https:\/\/agora.xtec.cat\/iescapnorfeu\/wp-content\/uploads\/usu2070\/2024\/03\/PHOTO-2024-03-18-09-41-32-1024x768.jpg\" alt=\"\" width=\"1024\" height=\"768\" srcset=\"https:\/\/agora.xtec.cat\/iescapnorfeu\/wp-content\/uploads\/usu2070\/2024\/03\/PHOTO-2024-03-18-09-41-32-1024x768.jpg 1024w, https:\/\/agora.xtec.cat\/iescapnorfeu\/wp-content\/uploads\/usu2070\/2024\/03\/PHOTO-2024-03-18-09-41-32-300x225.jpg 300w, https:\/\/agora.xtec.cat\/iescapnorfeu\/wp-content\/uploads\/usu2070\/2024\/03\/PHOTO-2024-03-18-09-41-32-768x576.jpg 768w, https:\/\/agora.xtec.cat\/iescapnorfeu\/wp-content\/uploads\/usu2070\/2024\/03\/PHOTO-2024-03-18-09-41-32-1536x1152.jpg 1536w, https:\/\/agora.xtec.cat\/iescapnorfeu\/wp-content\/uploads\/usu2070\/2024\/03\/PHOTO-2024-03-18-09-41-32-200x150.jpg 200w, https:\/\/agora.xtec.cat\/iescapnorfeu\/wp-content\/uploads\/usu2070\/2024\/03\/PHOTO-2024-03-18-09-41-32.jpg 1600w\" sizes=\"auto, (max-width: 1024px) 100vw, 1024px\" \/><\/a><\/p>\n","protected":false},"excerpt":{"rendered":"<p>El passat 15 de mar\u00e7 els alumnes de 3r i 4t d\u2019ESO van participar en el segon club de lectura en llengua castellana. La lectura escollida va ser \u201cVentanas\u201d, de Paloma Gonz\u00e1lez Rubio. Una hist\u00f2ria contempor\u00e0nia de postguerra, en un context de totalitarisme i de&hellip;  <a href=\"https:\/\/agora.xtec.cat\/iescapnorfeu\/general\/ventanas-club-de-lectura-de-castella\/\" title=\"Read \u201cVENTANAS\u201d, CLUB DE LECTURA DE CASTELL\u00c0\">Llegeix m\u00e9s\u00bb<\/a><\/p>\n","protected":false},"author":1,"featured_media":0,"comment_status":"open","ping_status":"closed","sticky":false,"template":"","format":"standard","meta":{"_bbp_topic_count":0,"_bbp_reply_count":0,"_bbp_total_topic_count":0,"_bbp_total_reply_count":0,"_bbp_voice_count":0,"_bbp_anonymous_reply_count":0,"_bbp_topic_count_hidden":0,"_bbp_reply_count_hidden":0,"_bbp_forum_subforum_count":0,"footnotes":""},"categories":[1,29],"tags":[],"class_list":["post-3662","post","type-post","status-publish","format-standard","hentry","category-general","category-portada"],"post_mailing_queue_ids":[],"_links":{"self":[{"href":"https:\/\/agora.xtec.cat\/iescapnorfeu\/wp-json\/wp\/v2\/posts\/3662","targetHints":{"allow":["GET"]}}],"collection":[{"href":"https:\/\/agora.xtec.cat\/iescapnorfeu\/wp-json\/wp\/v2\/posts"}],"about":[{"href":"https:\/\/agora.xtec.cat\/iescapnorfeu\/wp-json\/wp\/v2\/types\/post"}],"author":[{"embeddable":true,"href":"https:\/\/agora.xtec.cat\/iescapnorfeu\/wp-json\/wp\/v2\/users\/1"}],"replies":[{"embeddable":true,"href":"https:\/\/agora.xtec.cat\/iescapnorfeu\/wp-json\/wp\/v2\/comments?post=3662"}],"version-history":[{"count":1,"href":"https:\/\/agora.xtec.cat\/iescapnorfeu\/wp-json\/wp\/v2\/posts\/3662\/revisions"}],"predecessor-version":[{"id":3664,"href":"https:\/\/agora.xtec.cat\/iescapnorfeu\/wp-json\/wp\/v2\/posts\/3662\/revisions\/3664"}],"wp:attachment":[{"href":"https:\/\/agora.xtec.cat\/iescapnorfeu\/wp-json\/wp\/v2\/media?parent=3662"}],"wp:term":[{"taxonomy":"category","embeddable":true,"href":"https:\/\/agora.xtec.cat\/iescapnorfeu\/wp-json\/wp\/v2\/categories?post=3662"},{"taxonomy":"post_tag","embeddable":true,"href":"https:\/\/agora.xtec.cat\/iescapnorfeu\/wp-json\/wp\/v2\/tags?post=3662"}],"curies":[{"name":"wp","href":"https:\/\/api.w.org\/{rel}","templated":true}]}}