{"id":3647,"date":"2024-03-17T16:00:46","date_gmt":"2024-03-17T15:00:46","guid":{"rendered":"https:\/\/agora.xtec.cat\/iescapnorfeu\/?p=3647"},"modified":"2024-03-17T16:00:46","modified_gmt":"2024-03-17T15:00:46","slug":"concurs-de-relat-breu-a-2n-deso","status":"publish","type":"post","link":"https:\/\/agora.xtec.cat\/iescapnorfeu\/general\/concurs-de-relat-breu-a-2n-deso\/","title":{"rendered":"CONCURS DE RELAT BREU A 2n D&#8217;ESO"},"content":{"rendered":"<p style=\"text-align: justify;\">Els passats 7 i 8 de mar\u00e7, una representaci\u00f3 d&#8217;alumnes de 2n d\u2019ESO, seleccionats pels seus professors de Llengua Catalana i Castellana, varen participar al 63\u00e8 Concurso de j\u00f3venes talentos, relato corto de Coca-Cola en la seva versi\u00f3 telem\u00e0tica. Aquests alumnes varen tenir la possibilitat d\u2019escriure un relat breu, en catal\u00e0 i en castell\u00e0, que ara ha de ser avaluat a nivell provincial i que pot arribar a concursar juntament amb els millors relats a nivell nacional.<br \/>\nL\u2019experi\u00e8ncia, com cada any, ha estat molt positiva i esperem que els nostres joves escriptors continu\u00efn gaudint del plaer de crear les seves pr\u00f2pies obres liter\u00e0ries en el futur.<br \/>\nMolta sort a tots!!!<\/p>\n<p><a href=\"https:\/\/agora.xtec.cat\/iescapnorfeu\/wp-content\/uploads\/usu2070\/2024\/03\/RelatoCorto.jpg\"><img loading=\"lazy\" decoding=\"async\" class=\"alignleft size-large wp-image-3648\" src=\"https:\/\/agora.xtec.cat\/iescapnorfeu\/wp-content\/uploads\/usu2070\/2024\/03\/RelatoCorto-1024x1024.jpg\" alt=\"\" width=\"1024\" height=\"1024\" srcset=\"https:\/\/agora.xtec.cat\/iescapnorfeu\/wp-content\/uploads\/usu2070\/2024\/03\/RelatoCorto-1024x1024.jpg 1024w, https:\/\/agora.xtec.cat\/iescapnorfeu\/wp-content\/uploads\/usu2070\/2024\/03\/RelatoCorto-300x300.jpg 300w, https:\/\/agora.xtec.cat\/iescapnorfeu\/wp-content\/uploads\/usu2070\/2024\/03\/RelatoCorto-150x150.jpg 150w, https:\/\/agora.xtec.cat\/iescapnorfeu\/wp-content\/uploads\/usu2070\/2024\/03\/RelatoCorto-768x768.jpg 768w, https:\/\/agora.xtec.cat\/iescapnorfeu\/wp-content\/uploads\/usu2070\/2024\/03\/RelatoCorto.jpg 1200w\" sizes=\"auto, (max-width: 1024px) 100vw, 1024px\" \/><\/a><\/p>\n","protected":false},"excerpt":{"rendered":"<p>Els passats 7 i 8 de mar\u00e7, una representaci\u00f3 d&#8217;alumnes de 2n d\u2019ESO, seleccionats pels seus professors de Llengua Catalana i Castellana, varen participar al 63\u00e8 Concurso de j\u00f3venes talentos, relato corto de Coca-Cola en la seva versi\u00f3 telem\u00e0tica. Aquests alumnes varen tenir la possibilitat&hellip;  <a href=\"https:\/\/agora.xtec.cat\/iescapnorfeu\/general\/concurs-de-relat-breu-a-2n-deso\/\" title=\"Read CONCURS DE RELAT BREU A 2n D&#8217;ESO\">Llegeix m\u00e9s\u00bb<\/a><\/p>\n","protected":false},"author":1,"featured_media":0,"comment_status":"open","ping_status":"closed","sticky":false,"template":"","format":"standard","meta":{"_bbp_topic_count":0,"_bbp_reply_count":0,"_bbp_total_topic_count":0,"_bbp_total_reply_count":0,"_bbp_voice_count":0,"_bbp_anonymous_reply_count":0,"_bbp_topic_count_hidden":0,"_bbp_reply_count_hidden":0,"_bbp_forum_subforum_count":0,"footnotes":""},"categories":[1,29],"tags":[],"class_list":["post-3647","post","type-post","status-publish","format-standard","hentry","category-general","category-portada"],"post_mailing_queue_ids":[],"_links":{"self":[{"href":"https:\/\/agora.xtec.cat\/iescapnorfeu\/wp-json\/wp\/v2\/posts\/3647","targetHints":{"allow":["GET"]}}],"collection":[{"href":"https:\/\/agora.xtec.cat\/iescapnorfeu\/wp-json\/wp\/v2\/posts"}],"about":[{"href":"https:\/\/agora.xtec.cat\/iescapnorfeu\/wp-json\/wp\/v2\/types\/post"}],"author":[{"embeddable":true,"href":"https:\/\/agora.xtec.cat\/iescapnorfeu\/wp-json\/wp\/v2\/users\/1"}],"replies":[{"embeddable":true,"href":"https:\/\/agora.xtec.cat\/iescapnorfeu\/wp-json\/wp\/v2\/comments?post=3647"}],"version-history":[{"count":1,"href":"https:\/\/agora.xtec.cat\/iescapnorfeu\/wp-json\/wp\/v2\/posts\/3647\/revisions"}],"predecessor-version":[{"id":3649,"href":"https:\/\/agora.xtec.cat\/iescapnorfeu\/wp-json\/wp\/v2\/posts\/3647\/revisions\/3649"}],"wp:attachment":[{"href":"https:\/\/agora.xtec.cat\/iescapnorfeu\/wp-json\/wp\/v2\/media?parent=3647"}],"wp:term":[{"taxonomy":"category","embeddable":true,"href":"https:\/\/agora.xtec.cat\/iescapnorfeu\/wp-json\/wp\/v2\/categories?post=3647"},{"taxonomy":"post_tag","embeddable":true,"href":"https:\/\/agora.xtec.cat\/iescapnorfeu\/wp-json\/wp\/v2\/tags?post=3647"}],"curies":[{"name":"wp","href":"https:\/\/api.w.org\/{rel}","templated":true}]}}