{"id":3611,"date":"2024-02-18T19:16:29","date_gmt":"2024-02-18T18:16:29","guid":{"rendered":"https:\/\/agora.xtec.cat\/iescapnorfeu\/?p=3611"},"modified":"2024-02-18T19:16:29","modified_gmt":"2024-02-18T18:16:29","slug":"jornada-de-portes-obertes-de-la-udg","status":"publish","type":"post","link":"https:\/\/agora.xtec.cat\/iescapnorfeu\/general\/jornada-de-portes-obertes-de-la-udg\/","title":{"rendered":"JORNADA DE PORTES OBERTES DE LA UdG"},"content":{"rendered":"<p style=\"text-align: justify;\">Aquest divendres 16 de febrer, els alumnes de 2n de Batxillerat han assisitit a la Jornada de Portes Obertes de la Universitat de Girona. \u00c9s una ocasi\u00f3 \u00fanica per poder con\u00e9ixer els Campus, els centres docents amb la seva oferta de graus i dobles titulacions, les aules on s\u2019imparteixen les clases, els tallers i laboratoris on fer pr\u00e0ctiques i tota la informaci\u00f3 necess\u00e0ria de m\u00e0 dels seus professors i estudiants.<\/p>\n<p style=\"text-align: justify;\">Els alumnes s\u2019han distribuit pels tres Campus: Montilivi, Centre i Barri Vell, i alguns dels alumnes han participat a les xerrades dels dos centres adscrits ERAM i EUSES.<\/p>\n<p style=\"text-align: justify;\">Ha sigut un mat\u00ed intens i molt profit\u00f3s.<\/p>\n<p><a href=\"https:\/\/agora.xtec.cat\/iescapnorfeu\/wp-content\/uploads\/usu2070\/2024\/02\/UdG2024-1.jpg\"><img loading=\"lazy\" decoding=\"async\" class=\"alignleft size-large wp-image-3614\" src=\"https:\/\/agora.xtec.cat\/iescapnorfeu\/wp-content\/uploads\/usu2070\/2024\/02\/UdG2024-1-1024x1024.jpg\" alt=\"\" width=\"1024\" height=\"1024\" srcset=\"https:\/\/agora.xtec.cat\/iescapnorfeu\/wp-content\/uploads\/usu2070\/2024\/02\/UdG2024-1-1024x1024.jpg 1024w, https:\/\/agora.xtec.cat\/iescapnorfeu\/wp-content\/uploads\/usu2070\/2024\/02\/UdG2024-1-300x300.jpg 300w, https:\/\/agora.xtec.cat\/iescapnorfeu\/wp-content\/uploads\/usu2070\/2024\/02\/UdG2024-1-150x150.jpg 150w, https:\/\/agora.xtec.cat\/iescapnorfeu\/wp-content\/uploads\/usu2070\/2024\/02\/UdG2024-1-768x768.jpg 768w, https:\/\/agora.xtec.cat\/iescapnorfeu\/wp-content\/uploads\/usu2070\/2024\/02\/UdG2024-1.jpg 1200w\" sizes=\"auto, (max-width: 1024px) 100vw, 1024px\" \/><\/a><\/p>\n","protected":false},"excerpt":{"rendered":"<p>Aquest divendres 16 de febrer, els alumnes de 2n de Batxillerat han assisitit a la Jornada de Portes Obertes de la Universitat de Girona. \u00c9s una ocasi\u00f3 \u00fanica per poder con\u00e9ixer els Campus, els centres docents amb la seva oferta de graus i dobles titulacions,&hellip;  <a href=\"https:\/\/agora.xtec.cat\/iescapnorfeu\/general\/jornada-de-portes-obertes-de-la-udg\/\" title=\"Read JORNADA DE PORTES OBERTES DE LA UdG\">Llegeix m\u00e9s\u00bb<\/a><\/p>\n","protected":false},"author":1,"featured_media":0,"comment_status":"open","ping_status":"closed","sticky":false,"template":"","format":"standard","meta":{"_bbp_topic_count":0,"_bbp_reply_count":0,"_bbp_total_topic_count":0,"_bbp_total_reply_count":0,"_bbp_voice_count":0,"_bbp_anonymous_reply_count":0,"_bbp_topic_count_hidden":0,"_bbp_reply_count_hidden":0,"_bbp_forum_subforum_count":0,"footnotes":""},"categories":[1,29],"tags":[],"class_list":["post-3611","post","type-post","status-publish","format-standard","hentry","category-general","category-portada"],"post_mailing_queue_ids":[],"_links":{"self":[{"href":"https:\/\/agora.xtec.cat\/iescapnorfeu\/wp-json\/wp\/v2\/posts\/3611","targetHints":{"allow":["GET"]}}],"collection":[{"href":"https:\/\/agora.xtec.cat\/iescapnorfeu\/wp-json\/wp\/v2\/posts"}],"about":[{"href":"https:\/\/agora.xtec.cat\/iescapnorfeu\/wp-json\/wp\/v2\/types\/post"}],"author":[{"embeddable":true,"href":"https:\/\/agora.xtec.cat\/iescapnorfeu\/wp-json\/wp\/v2\/users\/1"}],"replies":[{"embeddable":true,"href":"https:\/\/agora.xtec.cat\/iescapnorfeu\/wp-json\/wp\/v2\/comments?post=3611"}],"version-history":[{"count":2,"href":"https:\/\/agora.xtec.cat\/iescapnorfeu\/wp-json\/wp\/v2\/posts\/3611\/revisions"}],"predecessor-version":[{"id":3615,"href":"https:\/\/agora.xtec.cat\/iescapnorfeu\/wp-json\/wp\/v2\/posts\/3611\/revisions\/3615"}],"wp:attachment":[{"href":"https:\/\/agora.xtec.cat\/iescapnorfeu\/wp-json\/wp\/v2\/media?parent=3611"}],"wp:term":[{"taxonomy":"category","embeddable":true,"href":"https:\/\/agora.xtec.cat\/iescapnorfeu\/wp-json\/wp\/v2\/categories?post=3611"},{"taxonomy":"post_tag","embeddable":true,"href":"https:\/\/agora.xtec.cat\/iescapnorfeu\/wp-json\/wp\/v2\/tags?post=3611"}],"curies":[{"name":"wp","href":"https:\/\/api.w.org\/{rel}","templated":true}]}}