{"id":3591,"date":"2024-02-01T20:14:40","date_gmt":"2024-02-01T19:14:40","guid":{"rendered":"https:\/\/agora.xtec.cat\/iescapnorfeu\/?p=3591"},"modified":"2024-02-01T21:08:43","modified_gmt":"2024-02-01T20:08:43","slug":"tecnic-dintegracio-social-tis","status":"publish","type":"post","link":"https:\/\/agora.xtec.cat\/iescapnorfeu\/general\/tecnic-dintegracio-social-tis\/","title":{"rendered":"T\u00c8CNIC d&#8217;INTEGRACI\u00d3 SOCIAL (TIS)"},"content":{"rendered":"<p style=\"text-align: justify;\">En el marc del Pacte contra la segregaci\u00f3 escolar a Catalunya, el nostre institut disposa aquest curs 23-24 d&#8217;un T\u00e8cnic d&#8217;Integrador Social (TIS) cofinan\u00e7at per la Uni\u00f3 Europea i el Departament d&#8217;Educaci\u00f3.<\/p>\n<p style=\"text-align: justify;\">La\u200b incorporaci\u00f3 de t\u00e8cnics d&#8217;integraci\u00f3 social i educador socials t\u00e9 com a objecte suplementar amb professionals d&#8217;atenci\u00f3 educativa l&#8217;activitat que es presta en els centres docents, amb la finalitat de garantir l&#8217;equitat en l&#8217;acc\u00e9s a l&#8217;educaci\u00f3.<\/p>\n<p>Els objectius del Programa de t\u00e8cnics d&#8217;integraci\u00f3 social i els educadors socials cofinan\u00e7at per la Uni\u00f3 Europea s\u00f3n:<\/p>\n<ul>\n<li>Prevenir l&#8217;abandonament prematur i el frac\u00e0s escolar<\/li>\n<li>Procurar el benestar emocional dels alumnes<\/li>\n<li>Facilitar una bona conviv\u00e8ncia en els centres educatius.<\/li>\n<li>Contribuir a l&#8217;orientaci\u00f3 dels alumnes<\/li>\n<li>Fomentar la implicaci\u00f3 de les fam\u00edlies<\/li>\n<li>Fomentar el vincle entre l&#8217;escola i el seu entorn.<\/li>\n<li>Contribuir al desenvolupament de plans d&#8217;\u00e0mbit comunitari.<\/li>\n<li>Reduir l&#8217;absentisme escolar. \u200b\u200b<\/li>\n<\/ul>\n<p style=\"text-align: justify;\"><a href=\"https:\/\/agora.xtec.cat\/iescapnorfeu\/wp-content\/uploads\/usu2070\/2024\/02\/cartell-tis-es_page-0001.jpg\"><img loading=\"lazy\" decoding=\"async\" class=\"wp-image-3596 aligncenter\" src=\"https:\/\/agora.xtec.cat\/iescapnorfeu\/wp-content\/uploads\/usu2070\/2024\/02\/cartell-tis-es_page-0001-1024x768.jpg\" alt=\"\" width=\"475\" height=\"357\" srcset=\"https:\/\/agora.xtec.cat\/iescapnorfeu\/wp-content\/uploads\/usu2070\/2024\/02\/cartell-tis-es_page-0001-1024x768.jpg 1024w, https:\/\/agora.xtec.cat\/iescapnorfeu\/wp-content\/uploads\/usu2070\/2024\/02\/cartell-tis-es_page-0001-300x225.jpg 300w, https:\/\/agora.xtec.cat\/iescapnorfeu\/wp-content\/uploads\/usu2070\/2024\/02\/cartell-tis-es_page-0001-768x576.jpg 768w, https:\/\/agora.xtec.cat\/iescapnorfeu\/wp-content\/uploads\/usu2070\/2024\/02\/cartell-tis-es_page-0001-200x150.jpg 200w, https:\/\/agora.xtec.cat\/iescapnorfeu\/wp-content\/uploads\/usu2070\/2024\/02\/cartell-tis-es_page-0001.jpg 1500w\" sizes=\"auto, (max-width: 475px) 100vw, 475px\" \/><\/a><\/p>\n","protected":false},"excerpt":{"rendered":"<p>En el marc del Pacte contra la segregaci\u00f3 escolar a Catalunya, el nostre institut disposa aquest curs 23-24 d&#8217;un T\u00e8cnic d&#8217;Integrador Social (TIS) cofinan\u00e7at per la Uni\u00f3 Europea i el Departament d&#8217;Educaci\u00f3.<br \/>\nLa\u200b incorporaci\u00f3 de t\u00e8cnics d&#8217;integraci\u00f3 social i educador socials t\u00e9 com a objecte suplementar&hellip;  <a href=\"https:\/\/agora.xtec.cat\/iescapnorfeu\/general\/tecnic-dintegracio-social-tis\/\" title=\"Read T\u00c8CNIC d&#8217;INTEGRACI\u00d3 SOCIAL (TIS)\">Llegeix m\u00e9s\u00bb<\/a><\/p>\n","protected":false},"author":1,"featured_media":0,"comment_status":"open","ping_status":"closed","sticky":false,"template":"","format":"standard","meta":{"_bbp_topic_count":0,"_bbp_reply_count":0,"_bbp_total_topic_count":0,"_bbp_total_reply_count":0,"_bbp_voice_count":0,"_bbp_anonymous_reply_count":0,"_bbp_topic_count_hidden":0,"_bbp_reply_count_hidden":0,"_bbp_forum_subforum_count":0,"footnotes":""},"categories":[1,29],"tags":[],"class_list":["post-3591","post","type-post","status-publish","format-standard","hentry","category-general","category-portada"],"post_mailing_queue_ids":[],"_links":{"self":[{"href":"https:\/\/agora.xtec.cat\/iescapnorfeu\/wp-json\/wp\/v2\/posts\/3591","targetHints":{"allow":["GET"]}}],"collection":[{"href":"https:\/\/agora.xtec.cat\/iescapnorfeu\/wp-json\/wp\/v2\/posts"}],"about":[{"href":"https:\/\/agora.xtec.cat\/iescapnorfeu\/wp-json\/wp\/v2\/types\/post"}],"author":[{"embeddable":true,"href":"https:\/\/agora.xtec.cat\/iescapnorfeu\/wp-json\/wp\/v2\/users\/1"}],"replies":[{"embeddable":true,"href":"https:\/\/agora.xtec.cat\/iescapnorfeu\/wp-json\/wp\/v2\/comments?post=3591"}],"version-history":[{"count":6,"href":"https:\/\/agora.xtec.cat\/iescapnorfeu\/wp-json\/wp\/v2\/posts\/3591\/revisions"}],"predecessor-version":[{"id":3601,"href":"https:\/\/agora.xtec.cat\/iescapnorfeu\/wp-json\/wp\/v2\/posts\/3591\/revisions\/3601"}],"wp:attachment":[{"href":"https:\/\/agora.xtec.cat\/iescapnorfeu\/wp-json\/wp\/v2\/media?parent=3591"}],"wp:term":[{"taxonomy":"category","embeddable":true,"href":"https:\/\/agora.xtec.cat\/iescapnorfeu\/wp-json\/wp\/v2\/categories?post=3591"},{"taxonomy":"post_tag","embeddable":true,"href":"https:\/\/agora.xtec.cat\/iescapnorfeu\/wp-json\/wp\/v2\/tags?post=3591"}],"curies":[{"name":"wp","href":"https:\/\/api.w.org\/{rel}","templated":true}]}}