{"id":3388,"date":"2023-07-29T11:12:25","date_gmt":"2023-07-29T09:12:25","guid":{"rendered":"https:\/\/agora.xtec.cat\/iescapnorfeu\/?p=3388"},"modified":"2023-10-02T16:06:39","modified_gmt":"2023-10-02T14:06:39","slug":"comissio-seguiment-7-7-23","status":"publish","type":"post","link":"https:\/\/agora.xtec.cat\/iescapnorfeu\/general\/comissio-seguiment-7-7-23\/","title":{"rendered":"CF DUAL: COMISSI\u00d3 SEGUIMENT 7\/7\/23"},"content":{"rendered":"<p style=\"text-align: justify;\">Aquest curs hem tornat a fer la Comissi\u00f3 de Seguiment de l\u2019Institut Cap Norfeu, que \u00e9s l\u2019\u00f2rgan de seguiment i coordinaci\u00f3 de les accions previstes als convenis de col\u00b7laboraci\u00f3 dual. Est\u00e0 integrada, com a m\u00ednim, per un representant de cadascuna de les parts signat\u00e0ries (entitat i institut) i vetlla pel compliment del conveni. Es varen tractar, entre d\u2019altres temes, del nombre de places d\u2019estada dels aprenents, la formaci\u00f3 dels tutors o tutores d\u2019empresa, els processos de selecci\u00f3, la compensaci\u00f3 econ\u00f2mica, l\u2019organitzaci\u00f3 i el calendari, les activitats formatives i els mecanismes de<br \/>\nseguiment i avaluaci\u00f3 de l\u2019alumnat.<br \/>\nPel que fa a la valoraci\u00f3 acad\u00e8mica i professional de les promocions actuals v\u00e0rem destacar un augment del nombre de contractes versus les beques salari, si ho comparem amb les anteriors. Aix\u00ed mateix tamb\u00e9 ha pujat el nombre d\u2019estudiants que no fan la formaci\u00f3 en centres de treball sin\u00f3 que directament ja realitzen les 1000 hores de formaci\u00f3 dual. Quant al calendari, v\u00e0rem informar que les classes comen\u00e7aran el 12 de setembre en horari de tardes. Ens v\u00e0rem referir a la mem\u00f2ria dual, que \u00e9s un treball que ha de realitzar l\u2019alumnat sobre l\u2019estada a l\u2019empresa i que l\u2019ha d\u2019exposar davant un tribunal, al qual es convida sempre al tutor de l\u2019empresa.<br \/>\nDestacarem entre els acords presos l\u2019increment de la compensaci\u00f3 econ\u00f2mica de l\u2019alumnat en un 8%, quedant a un cost de 4,20 \u20ac\/ hora en el cicle de grau mitj\u00e0 de Gesti\u00f3 administrativa, en un 5,04 \u20ac\/ hora en la primera part de l\u2019estada del cicle de grau superior d\u2019Administraci\u00f3 i finances i de 5,89 \u20ac\/ hora en la segona part del mateix cicle. Tamb\u00e9 v\u00e0rem puntualitzar que el Ministerio de Educaci\u00f3n havia aprovat l\u2019ajornament fins a 1 de gener de 2024 de la inclusi\u00f3 en el sistema de la Seguretat Social de l\u2019alumnat que realitza pr\u00e0ctiques formatives a les empreses. Totes les empreses amb qui tenim signat un conveni de col\u00b7laboraci\u00f3 dual han rebut c\u00f2pia de l\u2019acta.<br \/>\nV\u00e0rem finalitzar la jornada agraint la pres\u00e8ncia del Departament d\u2019Ensenyament a trav\u00e9s del Coordinador Territorial d\u2019FP de Girona, Ivan Ricart, i de nombroses entitats i empreses de la comarca de l\u2019Alt Empord\u00e0.<\/p>\n<p><a href=\"https:\/\/agora.xtec.cat\/iescapnorfeu\/wp-content\/uploads\/usu2070\/2023\/07\/Comissio\u0301-de-seguiment-070723-scaled.jpg\"><img loading=\"lazy\" decoding=\"async\" class=\"alignleft size-large wp-image-3389\" src=\"https:\/\/agora.xtec.cat\/iescapnorfeu\/wp-content\/uploads\/usu2070\/2023\/07\/Comissio\u0301-de-seguiment-070723-1024x389.jpg\" alt=\"\" width=\"1024\" height=\"389\" srcset=\"https:\/\/agora.xtec.cat\/iescapnorfeu\/wp-content\/uploads\/usu2070\/2023\/07\/Comissio\u0301-de-seguiment-070723-1024x389.jpg 1024w, https:\/\/agora.xtec.cat\/iescapnorfeu\/wp-content\/uploads\/usu2070\/2023\/07\/Comissio\u0301-de-seguiment-070723-300x114.jpg 300w, https:\/\/agora.xtec.cat\/iescapnorfeu\/wp-content\/uploads\/usu2070\/2023\/07\/Comissio\u0301-de-seguiment-070723-768x292.jpg 768w, https:\/\/agora.xtec.cat\/iescapnorfeu\/wp-content\/uploads\/usu2070\/2023\/07\/Comissio\u0301-de-seguiment-070723-1536x583.jpg 1536w, https:\/\/agora.xtec.cat\/iescapnorfeu\/wp-content\/uploads\/usu2070\/2023\/07\/Comissio\u0301-de-seguiment-070723-2048x777.jpg 2048w\" sizes=\"auto, (max-width: 1024px) 100vw, 1024px\" \/><\/a><\/p>\n","protected":false},"excerpt":{"rendered":"<p>Aquest curs hem tornat a fer la Comissi\u00f3 de Seguiment de l\u2019Institut Cap Norfeu, que \u00e9s l\u2019\u00f2rgan de seguiment i coordinaci\u00f3 de les accions previstes als convenis de col\u00b7laboraci\u00f3 dual. Est\u00e0 integrada, com a m\u00ednim, per un representant de cadascuna de les parts signat\u00e0ries (entitat&hellip;  <a href=\"https:\/\/agora.xtec.cat\/iescapnorfeu\/general\/comissio-seguiment-7-7-23\/\" title=\"Read CF DUAL: COMISSI\u00d3 SEGUIMENT 7\/7\/23\">Llegeix m\u00e9s\u00bb<\/a><\/p>\n","protected":false},"author":1,"featured_media":0,"comment_status":"open","ping_status":"closed","sticky":false,"template":"","format":"standard","meta":{"_bbp_topic_count":0,"_bbp_reply_count":0,"_bbp_total_topic_count":0,"_bbp_total_reply_count":0,"_bbp_voice_count":0,"_bbp_anonymous_reply_count":0,"_bbp_topic_count_hidden":0,"_bbp_reply_count_hidden":0,"_bbp_forum_subforum_count":0,"footnotes":""},"categories":[1,29],"tags":[],"class_list":["post-3388","post","type-post","status-publish","format-standard","hentry","category-general","category-portada"],"post_mailing_queue_ids":[],"_links":{"self":[{"href":"https:\/\/agora.xtec.cat\/iescapnorfeu\/wp-json\/wp\/v2\/posts\/3388","targetHints":{"allow":["GET"]}}],"collection":[{"href":"https:\/\/agora.xtec.cat\/iescapnorfeu\/wp-json\/wp\/v2\/posts"}],"about":[{"href":"https:\/\/agora.xtec.cat\/iescapnorfeu\/wp-json\/wp\/v2\/types\/post"}],"author":[{"embeddable":true,"href":"https:\/\/agora.xtec.cat\/iescapnorfeu\/wp-json\/wp\/v2\/users\/1"}],"replies":[{"embeddable":true,"href":"https:\/\/agora.xtec.cat\/iescapnorfeu\/wp-json\/wp\/v2\/comments?post=3388"}],"version-history":[{"count":2,"href":"https:\/\/agora.xtec.cat\/iescapnorfeu\/wp-json\/wp\/v2\/posts\/3388\/revisions"}],"predecessor-version":[{"id":3464,"href":"https:\/\/agora.xtec.cat\/iescapnorfeu\/wp-json\/wp\/v2\/posts\/3388\/revisions\/3464"}],"wp:attachment":[{"href":"https:\/\/agora.xtec.cat\/iescapnorfeu\/wp-json\/wp\/v2\/media?parent=3388"}],"wp:term":[{"taxonomy":"category","embeddable":true,"href":"https:\/\/agora.xtec.cat\/iescapnorfeu\/wp-json\/wp\/v2\/categories?post=3388"},{"taxonomy":"post_tag","embeddable":true,"href":"https:\/\/agora.xtec.cat\/iescapnorfeu\/wp-json\/wp\/v2\/tags?post=3388"}],"curies":[{"name":"wp","href":"https:\/\/api.w.org\/{rel}","templated":true}]}}