{"id":3294,"date":"2023-06-20T16:12:50","date_gmt":"2023-06-20T14:12:50","guid":{"rendered":"https:\/\/agora.xtec.cat\/iescapnorfeu\/?p=3294"},"modified":"2023-06-20T16:32:33","modified_gmt":"2023-06-20T14:32:33","slug":"acta-de-graduacio-2n-cfgm-i-2n-cfgs","status":"publish","type":"post","link":"https:\/\/agora.xtec.cat\/iescapnorfeu\/general\/acta-de-graduacio-2n-cfgm-i-2n-cfgs\/","title":{"rendered":"ACTE DE GRADUACI\u00d3 \u2013 2n CFGM i 2n CFGS"},"content":{"rendered":"<p style=\"text-align: justify;\">El passat dimarts 30 de maig va tenir lloc l\u2019acte de graduaci\u00f3 dels dos grups de 2n de grau mitj\u00e0 i superior, dels cicles de la fam\u00edlia d\u2019Administraci\u00f3 i Gesti\u00f3.<br \/>\nL\u2019alumnat dels dos cicles van voler dedicar unes paraules d\u2019agra\u00efment al professorat, a la resta de companys i companyes que es graduaven, aix\u00ed com a la resta de personal de l\u2019institut i les seves fam\u00edlies. Tamb\u00e9 van destacar an\u00e8cdotes d\u2019aquests dos anys, aix\u00ed com encoratjar als companys que els segueixen a seguir estudiant.<br \/>\nUn cop fets els parlaments, es va fer l\u2019entrega dels diplomes, els birrets, l\u2019orla, aix\u00ed com un petit detall per part del professorat.<br \/>\nDes d\u2019aqu\u00ed volem agrair la col\u00b7laboraci\u00f3 del professorat i personal PAS pel muntatge de l\u2019espai de graduaci\u00f3, aix\u00ed com la resta de la comunitat educativa per acompanyar-nos en aquest dia tan especial per l\u2019alumnat on es tanca una etapa de la seva vida.<br \/>\nEsperem retrobar-vos aviat!<\/p>\n<p><a href=\"https:\/\/agora.xtec.cat\/iescapnorfeu\/wp-content\/uploads\/usu2070\/2023\/06\/GradCF.jpg\"><img loading=\"lazy\" decoding=\"async\" class=\"alignleft size-large wp-image-3295\" src=\"https:\/\/agora.xtec.cat\/iescapnorfeu\/wp-content\/uploads\/usu2070\/2023\/06\/GradCF-1024x1024.jpg\" alt=\"\" width=\"1024\" height=\"1024\" srcset=\"https:\/\/agora.xtec.cat\/iescapnorfeu\/wp-content\/uploads\/usu2070\/2023\/06\/GradCF-1024x1024.jpg 1024w, https:\/\/agora.xtec.cat\/iescapnorfeu\/wp-content\/uploads\/usu2070\/2023\/06\/GradCF-300x300.jpg 300w, https:\/\/agora.xtec.cat\/iescapnorfeu\/wp-content\/uploads\/usu2070\/2023\/06\/GradCF-150x150.jpg 150w, https:\/\/agora.xtec.cat\/iescapnorfeu\/wp-content\/uploads\/usu2070\/2023\/06\/GradCF-768x768.jpg 768w, https:\/\/agora.xtec.cat\/iescapnorfeu\/wp-content\/uploads\/usu2070\/2023\/06\/GradCF.jpg 1200w\" sizes=\"auto, (max-width: 1024px) 100vw, 1024px\" \/><\/a><\/p>\n","protected":false},"excerpt":{"rendered":"<p>El passat dimarts 30 de maig va tenir lloc l\u2019acte de graduaci\u00f3 dels dos grups de 2n de grau mitj\u00e0 i superior, dels cicles de la fam\u00edlia d\u2019Administraci\u00f3 i Gesti\u00f3.<br \/>\nL\u2019alumnat dels dos cicles van voler dedicar unes paraules d\u2019agra\u00efment al professorat, a la resta de&hellip;  <a href=\"https:\/\/agora.xtec.cat\/iescapnorfeu\/general\/acta-de-graduacio-2n-cfgm-i-2n-cfgs\/\" title=\"Read ACTE DE GRADUACI\u00d3 \u2013 2n CFGM i 2n CFGS\">Llegeix m\u00e9s\u00bb<\/a><\/p>\n","protected":false},"author":1,"featured_media":0,"comment_status":"open","ping_status":"closed","sticky":false,"template":"","format":"standard","meta":{"_bbp_topic_count":0,"_bbp_reply_count":0,"_bbp_total_topic_count":0,"_bbp_total_reply_count":0,"_bbp_voice_count":0,"_bbp_anonymous_reply_count":0,"_bbp_topic_count_hidden":0,"_bbp_reply_count_hidden":0,"_bbp_forum_subforum_count":0,"footnotes":""},"categories":[1,29],"tags":[],"class_list":["post-3294","post","type-post","status-publish","format-standard","hentry","category-general","category-portada"],"post_mailing_queue_ids":[],"_links":{"self":[{"href":"https:\/\/agora.xtec.cat\/iescapnorfeu\/wp-json\/wp\/v2\/posts\/3294","targetHints":{"allow":["GET"]}}],"collection":[{"href":"https:\/\/agora.xtec.cat\/iescapnorfeu\/wp-json\/wp\/v2\/posts"}],"about":[{"href":"https:\/\/agora.xtec.cat\/iescapnorfeu\/wp-json\/wp\/v2\/types\/post"}],"author":[{"embeddable":true,"href":"https:\/\/agora.xtec.cat\/iescapnorfeu\/wp-json\/wp\/v2\/users\/1"}],"replies":[{"embeddable":true,"href":"https:\/\/agora.xtec.cat\/iescapnorfeu\/wp-json\/wp\/v2\/comments?post=3294"}],"version-history":[{"count":2,"href":"https:\/\/agora.xtec.cat\/iescapnorfeu\/wp-json\/wp\/v2\/posts\/3294\/revisions"}],"predecessor-version":[{"id":3297,"href":"https:\/\/agora.xtec.cat\/iescapnorfeu\/wp-json\/wp\/v2\/posts\/3294\/revisions\/3297"}],"wp:attachment":[{"href":"https:\/\/agora.xtec.cat\/iescapnorfeu\/wp-json\/wp\/v2\/media?parent=3294"}],"wp:term":[{"taxonomy":"category","embeddable":true,"href":"https:\/\/agora.xtec.cat\/iescapnorfeu\/wp-json\/wp\/v2\/categories?post=3294"},{"taxonomy":"post_tag","embeddable":true,"href":"https:\/\/agora.xtec.cat\/iescapnorfeu\/wp-json\/wp\/v2\/tags?post=3294"}],"curies":[{"name":"wp","href":"https:\/\/api.w.org\/{rel}","templated":true}]}}