{"id":3241,"date":"2023-05-29T14:14:35","date_gmt":"2023-05-29T12:14:35","guid":{"rendered":"https:\/\/agora.xtec.cat\/iescapnorfeu\/?p=3241"},"modified":"2023-05-29T14:16:50","modified_gmt":"2023-05-29T12:16:50","slug":"graduacio-2n-batxillerat-2021-2023","status":"publish","type":"post","link":"https:\/\/agora.xtec.cat\/iescapnorfeu\/general\/graduacio-2n-batxillerat-2021-2023\/","title":{"rendered":"GRADUACI\u00d3 2n BATXILLERAT 2021-2023"},"content":{"rendered":"<p style=\"text-align: justify;\">El dijous 25 de maig, l&#8217;alumnat de 2n de Batxillerat va acomiadar el seu pas pel centre amb un emotiu acte de graduaci\u00f3. Els representants dels dos grups de la promoci\u00f3 2021-2023 van emocionar tant a fam\u00edlies com a professors amb els seus discursos, recordant els sis anys que han compartit amb els seus companys al centre i que van finalitzar amb un sentit &#8220;Un cop Norfeu, Norfeu sempre!&#8221;<br \/>\nActe seguit, es va procedir a l&#8217;entrega de diplomes i orles i l&#8217;acte va finalitzar amb les fotografies individuals i de grup que podeu veure en el seg\u00fcent <a href=\"https:\/\/drive.google.com\/drive\/folders\/1QRH-j30qdJqCQj1lYECnuLIc119AMuLc?usp=sharing\" target=\"_blank\" rel=\"noopener\">enlla\u00e7<\/a>.<br \/>\nDes del centre, esperem que tots els alumnes aconsegueixin accedir als estudis que desitgen i acompleixin els seus somnis.<br \/>\nMolta sort a tots\/-es!<\/p>\n<p><a href=\"https:\/\/agora.xtec.cat\/iescapnorfeu\/wp-content\/uploads\/usu2070\/2023\/05\/Grad2n.jpg\"><img loading=\"lazy\" decoding=\"async\" class=\"alignleft size-large wp-image-3243\" src=\"https:\/\/agora.xtec.cat\/iescapnorfeu\/wp-content\/uploads\/usu2070\/2023\/05\/Grad2n-1024x1024.jpg\" alt=\"\" width=\"1024\" height=\"1024\" srcset=\"https:\/\/agora.xtec.cat\/iescapnorfeu\/wp-content\/uploads\/usu2070\/2023\/05\/Grad2n-1024x1024.jpg 1024w, https:\/\/agora.xtec.cat\/iescapnorfeu\/wp-content\/uploads\/usu2070\/2023\/05\/Grad2n-300x300.jpg 300w, https:\/\/agora.xtec.cat\/iescapnorfeu\/wp-content\/uploads\/usu2070\/2023\/05\/Grad2n-150x150.jpg 150w, https:\/\/agora.xtec.cat\/iescapnorfeu\/wp-content\/uploads\/usu2070\/2023\/05\/Grad2n-768x768.jpg 768w, https:\/\/agora.xtec.cat\/iescapnorfeu\/wp-content\/uploads\/usu2070\/2023\/05\/Grad2n.jpg 1200w\" sizes=\"auto, (max-width: 1024px) 100vw, 1024px\" \/><\/a><\/p>\n","protected":false},"excerpt":{"rendered":"<p>El dijous 25 de maig, l&#8217;alumnat de 2n de Batxillerat va acomiadar el seu pas pel centre amb un emotiu acte de graduaci\u00f3. Els representants dels dos grups de la promoci\u00f3 2021-2023 van emocionar tant a fam\u00edlies com a professors amb els seus discursos, recordant&hellip;  <a href=\"https:\/\/agora.xtec.cat\/iescapnorfeu\/general\/graduacio-2n-batxillerat-2021-2023\/\" title=\"Read GRADUACI\u00d3 2n BATXILLERAT 2021-2023\">Llegeix m\u00e9s\u00bb<\/a><\/p>\n","protected":false},"author":1,"featured_media":0,"comment_status":"open","ping_status":"closed","sticky":false,"template":"","format":"standard","meta":{"_bbp_topic_count":0,"_bbp_reply_count":0,"_bbp_total_topic_count":0,"_bbp_total_reply_count":0,"_bbp_voice_count":0,"_bbp_anonymous_reply_count":0,"_bbp_topic_count_hidden":0,"_bbp_reply_count_hidden":0,"_bbp_forum_subforum_count":0,"footnotes":""},"categories":[1,29],"tags":[],"class_list":["post-3241","post","type-post","status-publish","format-standard","hentry","category-general","category-portada"],"post_mailing_queue_ids":[],"_links":{"self":[{"href":"https:\/\/agora.xtec.cat\/iescapnorfeu\/wp-json\/wp\/v2\/posts\/3241","targetHints":{"allow":["GET"]}}],"collection":[{"href":"https:\/\/agora.xtec.cat\/iescapnorfeu\/wp-json\/wp\/v2\/posts"}],"about":[{"href":"https:\/\/agora.xtec.cat\/iescapnorfeu\/wp-json\/wp\/v2\/types\/post"}],"author":[{"embeddable":true,"href":"https:\/\/agora.xtec.cat\/iescapnorfeu\/wp-json\/wp\/v2\/users\/1"}],"replies":[{"embeddable":true,"href":"https:\/\/agora.xtec.cat\/iescapnorfeu\/wp-json\/wp\/v2\/comments?post=3241"}],"version-history":[{"count":2,"href":"https:\/\/agora.xtec.cat\/iescapnorfeu\/wp-json\/wp\/v2\/posts\/3241\/revisions"}],"predecessor-version":[{"id":3244,"href":"https:\/\/agora.xtec.cat\/iescapnorfeu\/wp-json\/wp\/v2\/posts\/3241\/revisions\/3244"}],"wp:attachment":[{"href":"https:\/\/agora.xtec.cat\/iescapnorfeu\/wp-json\/wp\/v2\/media?parent=3241"}],"wp:term":[{"taxonomy":"category","embeddable":true,"href":"https:\/\/agora.xtec.cat\/iescapnorfeu\/wp-json\/wp\/v2\/categories?post=3241"},{"taxonomy":"post_tag","embeddable":true,"href":"https:\/\/agora.xtec.cat\/iescapnorfeu\/wp-json\/wp\/v2\/tags?post=3241"}],"curies":[{"name":"wp","href":"https:\/\/api.w.org\/{rel}","templated":true}]}}