{"id":3227,"date":"2023-05-24T11:50:05","date_gmt":"2023-05-24T09:50:05","guid":{"rendered":"https:\/\/agora.xtec.cat\/iescapnorfeu\/?p=3227"},"modified":"2023-05-25T17:08:19","modified_gmt":"2023-05-25T15:08:19","slug":"daniel-stavytskyy-finalista-del-concurs-de-nanorelats-organitzat-per-la-universitat-de-barcelona","status":"publish","type":"post","link":"https:\/\/agora.xtec.cat\/iescapnorfeu\/general\/daniel-stavytskyy-finalista-del-concurs-de-nanorelats-organitzat-per-la-universitat-de-barcelona\/","title":{"rendered":"DANIEL STAVYTSKYY FINALISTA DEL CONCURS DE NANORELATS ORGANITZAT PER LA UNIVERSITAT DE BARCELONA"},"content":{"rendered":"<p>El passat 8 de maig, l\u2019alumne de 3r ESO de l\u2019Institut Cap Norfeu, Daniel Stavytskyy, va recollir a Barcelona el seu diploma com a finalista del Concurs de Nanorelats dins el marc del VI festival de Nanoci\u00e8ncia i Nanotecnologia 10alamenos9, organitzat per la Universitat de Barcelona.<\/p>\n<p>Sota el t\u00edtol \u201cCaben moltes hist\u00f2ries al nanom\u00f3n: ens les expliques? Els alumnes de 3r, 4t ESO i Batxillerat de tot Catalunya podien escriure els seus nanorelats i participar en l\u2019esmentat concurs.<\/p>\n<p>En Daniel va ser finalista en la categoria d\u2019ESO amb el relat \u201cEl llibre potable\u201d. Val a dir que el seu relat sortir\u00e0 publicat al blog de divulgaci\u00f3 cient\u00edfica DIVULCAT.<\/p>\n<p>Moltes felicitats, Daniel!<\/p>\n<p>A la fotografia, podem veure en Dani amb la resta de finalistes d\u2019ESO i Batxillerat.<\/p>\n<p><a href=\"https:\/\/agora.xtec.cat\/iescapnorfeu\/wp-content\/uploads\/usu2070\/2023\/05\/IMG-20230523-WA0005.jpg\"><img loading=\"lazy\" decoding=\"async\" class=\"alignleft size-large wp-image-3228\" src=\"https:\/\/agora.xtec.cat\/iescapnorfeu\/wp-content\/uploads\/usu2070\/2023\/05\/IMG-20230523-WA0005-768x1024.jpg\" alt=\"\" width=\"768\" height=\"1024\" srcset=\"https:\/\/agora.xtec.cat\/iescapnorfeu\/wp-content\/uploads\/usu2070\/2023\/05\/IMG-20230523-WA0005-768x1024.jpg 768w, https:\/\/agora.xtec.cat\/iescapnorfeu\/wp-content\/uploads\/usu2070\/2023\/05\/IMG-20230523-WA0005-225x300.jpg 225w, https:\/\/agora.xtec.cat\/iescapnorfeu\/wp-content\/uploads\/usu2070\/2023\/05\/IMG-20230523-WA0005.jpg 1036w\" sizes=\"auto, (max-width: 768px) 100vw, 768px\" \/><\/a><\/p>\n","protected":false},"excerpt":{"rendered":"<p>El passat 8 de maig, l\u2019alumne de 3r ESO de l\u2019Institut Cap Norfeu, Daniel Stavytskyy, va recollir a Barcelona el seu diploma com a finalista del Concurs de Nanorelats dins el marc del VI festival de Nanoci\u00e8ncia i Nanotecnologia 10alamenos9, organitzat per la Universitat de&hellip;  <a href=\"https:\/\/agora.xtec.cat\/iescapnorfeu\/general\/daniel-stavytskyy-finalista-del-concurs-de-nanorelats-organitzat-per-la-universitat-de-barcelona\/\" title=\"Read DANIEL STAVYTSKYY FINALISTA DEL CONCURS DE NANORELATS ORGANITZAT PER LA UNIVERSITAT DE BARCELONA\">Llegeix m\u00e9s\u00bb<\/a><\/p>\n","protected":false},"author":1,"featured_media":0,"comment_status":"open","ping_status":"closed","sticky":false,"template":"","format":"standard","meta":{"_bbp_topic_count":0,"_bbp_reply_count":0,"_bbp_total_topic_count":0,"_bbp_total_reply_count":0,"_bbp_voice_count":0,"_bbp_anonymous_reply_count":0,"_bbp_topic_count_hidden":0,"_bbp_reply_count_hidden":0,"_bbp_forum_subforum_count":0,"footnotes":""},"categories":[1,29],"tags":[],"class_list":["post-3227","post","type-post","status-publish","format-standard","hentry","category-general","category-portada"],"post_mailing_queue_ids":[],"_links":{"self":[{"href":"https:\/\/agora.xtec.cat\/iescapnorfeu\/wp-json\/wp\/v2\/posts\/3227","targetHints":{"allow":["GET"]}}],"collection":[{"href":"https:\/\/agora.xtec.cat\/iescapnorfeu\/wp-json\/wp\/v2\/posts"}],"about":[{"href":"https:\/\/agora.xtec.cat\/iescapnorfeu\/wp-json\/wp\/v2\/types\/post"}],"author":[{"embeddable":true,"href":"https:\/\/agora.xtec.cat\/iescapnorfeu\/wp-json\/wp\/v2\/users\/1"}],"replies":[{"embeddable":true,"href":"https:\/\/agora.xtec.cat\/iescapnorfeu\/wp-json\/wp\/v2\/comments?post=3227"}],"version-history":[{"count":2,"href":"https:\/\/agora.xtec.cat\/iescapnorfeu\/wp-json\/wp\/v2\/posts\/3227\/revisions"}],"predecessor-version":[{"id":3230,"href":"https:\/\/agora.xtec.cat\/iescapnorfeu\/wp-json\/wp\/v2\/posts\/3227\/revisions\/3230"}],"wp:attachment":[{"href":"https:\/\/agora.xtec.cat\/iescapnorfeu\/wp-json\/wp\/v2\/media?parent=3227"}],"wp:term":[{"taxonomy":"category","embeddable":true,"href":"https:\/\/agora.xtec.cat\/iescapnorfeu\/wp-json\/wp\/v2\/categories?post=3227"},{"taxonomy":"post_tag","embeddable":true,"href":"https:\/\/agora.xtec.cat\/iescapnorfeu\/wp-json\/wp\/v2\/tags?post=3227"}],"curies":[{"name":"wp","href":"https:\/\/api.w.org\/{rel}","templated":true}]}}