{"id":3222,"date":"2023-05-23T15:01:13","date_gmt":"2023-05-23T13:01:13","guid":{"rendered":"https:\/\/agora.xtec.cat\/iescapnorfeu\/?p=3222"},"modified":"2023-05-23T15:01:13","modified_gmt":"2023-05-23T13:01:13","slug":"projecte-musical-franquet","status":"publish","type":"post","link":"https:\/\/agora.xtec.cat\/iescapnorfeu\/general\/projecte-musical-franquet\/","title":{"rendered":"PROJECTE MUSICAL FRANQUET"},"content":{"rendered":"<p style=\"text-align: justify;\">El projecte Franquet neix amb la motivaci\u00f3 de fer m\u00fasica en directe i apropar dues generacions com s\u00f3n els infants de la llar i els alumnes de primer de secund\u00e0ria. A partir de can\u00e7ons infantils treballades a la llar d&#8217;infants, els alumnes de primer d&#8217;ESO del nostre institut han anat a cantar les mateixes can\u00e7ons i les han acompanyat amb instruments d&#8217;Orff i de petita percussi\u00f3. Ha sigut una experi\u00e8ncia molt positiva i enriquidora per tots.<br \/>\nAl final del concert, els infants han pogut tocar els instruments ajudats pels nostres alumnes i compartir una estona junts.<\/p>\n<p><a href=\"https:\/\/agora.xtec.cat\/iescapnorfeu\/wp-content\/uploads\/usu2070\/2023\/05\/Franquet.jpg\"><img loading=\"lazy\" decoding=\"async\" class=\"alignleft size-large wp-image-3223\" src=\"https:\/\/agora.xtec.cat\/iescapnorfeu\/wp-content\/uploads\/usu2070\/2023\/05\/Franquet-1024x1024.jpg\" alt=\"\" width=\"1024\" height=\"1024\" srcset=\"https:\/\/agora.xtec.cat\/iescapnorfeu\/wp-content\/uploads\/usu2070\/2023\/05\/Franquet-1024x1024.jpg 1024w, https:\/\/agora.xtec.cat\/iescapnorfeu\/wp-content\/uploads\/usu2070\/2023\/05\/Franquet-300x300.jpg 300w, https:\/\/agora.xtec.cat\/iescapnorfeu\/wp-content\/uploads\/usu2070\/2023\/05\/Franquet-150x150.jpg 150w, https:\/\/agora.xtec.cat\/iescapnorfeu\/wp-content\/uploads\/usu2070\/2023\/05\/Franquet-768x768.jpg 768w, https:\/\/agora.xtec.cat\/iescapnorfeu\/wp-content\/uploads\/usu2070\/2023\/05\/Franquet.jpg 1200w\" sizes=\"auto, (max-width: 1024px) 100vw, 1024px\" \/><\/a><\/p>\n","protected":false},"excerpt":{"rendered":"<p>El projecte Franquet neix amb la motivaci\u00f3 de fer m\u00fasica en directe i apropar dues generacions com s\u00f3n els infants de la llar i els alumnes de primer de secund\u00e0ria. A partir de can\u00e7ons infantils treballades a la llar d&#8217;infants, els alumnes de primer d&#8217;ESO&hellip;  <a href=\"https:\/\/agora.xtec.cat\/iescapnorfeu\/general\/projecte-musical-franquet\/\" title=\"Read PROJECTE MUSICAL FRANQUET\">Llegeix m\u00e9s\u00bb<\/a><\/p>\n","protected":false},"author":1,"featured_media":0,"comment_status":"open","ping_status":"closed","sticky":false,"template":"","format":"standard","meta":{"_bbp_topic_count":0,"_bbp_reply_count":0,"_bbp_total_topic_count":0,"_bbp_total_reply_count":0,"_bbp_voice_count":0,"_bbp_anonymous_reply_count":0,"_bbp_topic_count_hidden":0,"_bbp_reply_count_hidden":0,"_bbp_forum_subforum_count":0,"footnotes":""},"categories":[1,29],"tags":[],"class_list":["post-3222","post","type-post","status-publish","format-standard","hentry","category-general","category-portada"],"post_mailing_queue_ids":[],"_links":{"self":[{"href":"https:\/\/agora.xtec.cat\/iescapnorfeu\/wp-json\/wp\/v2\/posts\/3222","targetHints":{"allow":["GET"]}}],"collection":[{"href":"https:\/\/agora.xtec.cat\/iescapnorfeu\/wp-json\/wp\/v2\/posts"}],"about":[{"href":"https:\/\/agora.xtec.cat\/iescapnorfeu\/wp-json\/wp\/v2\/types\/post"}],"author":[{"embeddable":true,"href":"https:\/\/agora.xtec.cat\/iescapnorfeu\/wp-json\/wp\/v2\/users\/1"}],"replies":[{"embeddable":true,"href":"https:\/\/agora.xtec.cat\/iescapnorfeu\/wp-json\/wp\/v2\/comments?post=3222"}],"version-history":[{"count":1,"href":"https:\/\/agora.xtec.cat\/iescapnorfeu\/wp-json\/wp\/v2\/posts\/3222\/revisions"}],"predecessor-version":[{"id":3224,"href":"https:\/\/agora.xtec.cat\/iescapnorfeu\/wp-json\/wp\/v2\/posts\/3222\/revisions\/3224"}],"wp:attachment":[{"href":"https:\/\/agora.xtec.cat\/iescapnorfeu\/wp-json\/wp\/v2\/media?parent=3222"}],"wp:term":[{"taxonomy":"category","embeddable":true,"href":"https:\/\/agora.xtec.cat\/iescapnorfeu\/wp-json\/wp\/v2\/categories?post=3222"},{"taxonomy":"post_tag","embeddable":true,"href":"https:\/\/agora.xtec.cat\/iescapnorfeu\/wp-json\/wp\/v2\/tags?post=3222"}],"curies":[{"name":"wp","href":"https:\/\/api.w.org\/{rel}","templated":true}]}}