{"id":3219,"date":"2023-05-23T14:38:38","date_gmt":"2023-05-23T12:38:38","guid":{"rendered":"https:\/\/agora.xtec.cat\/iescapnorfeu\/?p=3219"},"modified":"2023-05-23T14:38:38","modified_gmt":"2023-05-23T12:38:38","slug":"cantarella-2023","status":"publish","type":"post","link":"https:\/\/agora.xtec.cat\/iescapnorfeu\/general\/cantarella-2023\/","title":{"rendered":"CANTARELLA 2023"},"content":{"rendered":"<p style=\"text-align: justify;\">Dimecres 17 de maig es va celebrar la tretzena edici\u00f3 de la Cantarella. Aquesta edici\u00f3 va comptar amb la participaci\u00f3 d&#8217;alumnes del nostre institut aix\u00ed com de l&#8217;Illa de Rodes i d&#8217;escoles de Roses, Palau- Saverdera i Pau. Amb m\u00fasica en directe i un muntatge teatral, l&#8217;argument, fil conductor de les can\u00e7ons, va tractar temes com la diversitat funcional, la discapacitat i altres malalties. El repertori de can\u00e7ons que els alumnes van interpretar va incloure can\u00e7ons actuals de rock catal\u00e0.<br \/>\nL&#8217;acte va comptar amb una gran sorpresa final que alumnes i professors vam viure amb molta emoci\u00f3 i que va ser la visita del grup &#8220;Stay Homas&#8221; i les seves ja consolidades can\u00e7ons.<\/p>\n<p><a href=\"https:\/\/agora.xtec.cat\/iescapnorfeu\/wp-content\/uploads\/usu2070\/2023\/05\/1684423283126-1-scaled.jpg\"><img loading=\"lazy\" decoding=\"async\" class=\"alignleft size-large wp-image-3220\" src=\"https:\/\/agora.xtec.cat\/iescapnorfeu\/wp-content\/uploads\/usu2070\/2023\/05\/1684423283126-1-1024x766.jpg\" alt=\"\" width=\"1024\" height=\"766\" srcset=\"https:\/\/agora.xtec.cat\/iescapnorfeu\/wp-content\/uploads\/usu2070\/2023\/05\/1684423283126-1-1024x766.jpg 1024w, https:\/\/agora.xtec.cat\/iescapnorfeu\/wp-content\/uploads\/usu2070\/2023\/05\/1684423283126-1-300x224.jpg 300w, https:\/\/agora.xtec.cat\/iescapnorfeu\/wp-content\/uploads\/usu2070\/2023\/05\/1684423283126-1-768x574.jpg 768w, https:\/\/agora.xtec.cat\/iescapnorfeu\/wp-content\/uploads\/usu2070\/2023\/05\/1684423283126-1-1536x1149.jpg 1536w, https:\/\/agora.xtec.cat\/iescapnorfeu\/wp-content\/uploads\/usu2070\/2023\/05\/1684423283126-1-2048x1532.jpg 2048w, https:\/\/agora.xtec.cat\/iescapnorfeu\/wp-content\/uploads\/usu2070\/2023\/05\/1684423283126-1-200x150.jpg 200w\" sizes=\"auto, (max-width: 1024px) 100vw, 1024px\" \/><\/a><\/p>\n","protected":false},"excerpt":{"rendered":"<p>Dimecres 17 de maig es va celebrar la tretzena edici\u00f3 de la Cantarella. Aquesta edici\u00f3 va comptar amb la participaci\u00f3 d&#8217;alumnes del nostre institut aix\u00ed com de l&#8217;Illa de Rodes i d&#8217;escoles de Roses, Palau- Saverdera i Pau. Amb m\u00fasica en directe i un muntatge&hellip;  <a href=\"https:\/\/agora.xtec.cat\/iescapnorfeu\/general\/cantarella-2023\/\" title=\"Read CANTARELLA 2023\">Llegeix m\u00e9s\u00bb<\/a><\/p>\n","protected":false},"author":1,"featured_media":0,"comment_status":"open","ping_status":"closed","sticky":false,"template":"","format":"standard","meta":{"_bbp_topic_count":0,"_bbp_reply_count":0,"_bbp_total_topic_count":0,"_bbp_total_reply_count":0,"_bbp_voice_count":0,"_bbp_anonymous_reply_count":0,"_bbp_topic_count_hidden":0,"_bbp_reply_count_hidden":0,"_bbp_forum_subforum_count":0,"footnotes":""},"categories":[1,29],"tags":[],"class_list":["post-3219","post","type-post","status-publish","format-standard","hentry","category-general","category-portada"],"post_mailing_queue_ids":[],"_links":{"self":[{"href":"https:\/\/agora.xtec.cat\/iescapnorfeu\/wp-json\/wp\/v2\/posts\/3219","targetHints":{"allow":["GET"]}}],"collection":[{"href":"https:\/\/agora.xtec.cat\/iescapnorfeu\/wp-json\/wp\/v2\/posts"}],"about":[{"href":"https:\/\/agora.xtec.cat\/iescapnorfeu\/wp-json\/wp\/v2\/types\/post"}],"author":[{"embeddable":true,"href":"https:\/\/agora.xtec.cat\/iescapnorfeu\/wp-json\/wp\/v2\/users\/1"}],"replies":[{"embeddable":true,"href":"https:\/\/agora.xtec.cat\/iescapnorfeu\/wp-json\/wp\/v2\/comments?post=3219"}],"version-history":[{"count":1,"href":"https:\/\/agora.xtec.cat\/iescapnorfeu\/wp-json\/wp\/v2\/posts\/3219\/revisions"}],"predecessor-version":[{"id":3221,"href":"https:\/\/agora.xtec.cat\/iescapnorfeu\/wp-json\/wp\/v2\/posts\/3219\/revisions\/3221"}],"wp:attachment":[{"href":"https:\/\/agora.xtec.cat\/iescapnorfeu\/wp-json\/wp\/v2\/media?parent=3219"}],"wp:term":[{"taxonomy":"category","embeddable":true,"href":"https:\/\/agora.xtec.cat\/iescapnorfeu\/wp-json\/wp\/v2\/categories?post=3219"},{"taxonomy":"post_tag","embeddable":true,"href":"https:\/\/agora.xtec.cat\/iescapnorfeu\/wp-json\/wp\/v2\/tags?post=3219"}],"curies":[{"name":"wp","href":"https:\/\/api.w.org\/{rel}","templated":true}]}}