{"id":3216,"date":"2023-05-18T12:09:51","date_gmt":"2023-05-18T10:09:51","guid":{"rendered":"https:\/\/agora.xtec.cat\/iescapnorfeu\/?p=3216"},"modified":"2023-05-18T12:09:51","modified_gmt":"2023-05-18T10:09:51","slug":"fira-de-cooperatives-dinstituts-gironins-18-5-23","status":"publish","type":"post","link":"https:\/\/agora.xtec.cat\/iescapnorfeu\/general\/fira-de-cooperatives-dinstituts-gironins-18-5-23\/","title":{"rendered":"FIRA DE COOPERATIVES D\u2019INSTITUTS GIRONINS 18\/5\/23"},"content":{"rendered":"<p style=\"text-align: justify;\">Les dues cooperatives creades pels alumnes de primer de Grau Mitj\u00e0 de Gesti\u00f3 Administrativa han participat en el mercat de la fira, juntament amb altres Instituts de la prov\u00edncia de Girona. L&#8217;activitat ha estat impulsada per l&#8217;Ateneu Cooperatiu Terres Gironines.<br \/>\nL&#8217;acte s&#8217;ha iniciat amb la presentaci\u00f3 al Centre cultural de la Merc\u00e8 a Girona, on tot l&#8217;alumnat va poder gaudir d&#8217;una representaci\u00f3 teatralitzada per part de la cooperativa Efecte Mosquit. En tot moment, els valors cooperatius han estat presents. Un cop finalitzada la presentaci\u00f3 s\u2019ha dut a terme l&#8217;entrega dels diplomes als representants de cada cooperativa.<br \/>\nTot seguit totes les cooperatives s\u2019han dirigit a l&#8217;empla\u00e7ament firal on han muntat les parades juntament amb la resta d&#8217;Instituts. Les dues cooperatives han ofert productes de proximitat com el fumet de Roses, els taps de Cadaqu\u00e9s i les plantes dels companys d&#8217;ESO. Tamb\u00e9 cal destacar els productes elaborats pels mateixos estudiants entre els quals van ressaltar els dol\u00e7os marroquins. La venda ha estat tot un \u00e8xit, fins i tot una de les dues cooperatives ha triplicat l&#8217;aportaci\u00f3 inicial. Com cada any el 40% dels beneficis s&#8217;aportaran a una fundaci\u00f3.<\/p>\n<p><a href=\"https:\/\/agora.xtec.cat\/iescapnorfeu\/wp-content\/uploads\/usu2070\/2023\/05\/Fira.jpg\"><img loading=\"lazy\" decoding=\"async\" class=\"alignleft size-large wp-image-3217\" src=\"https:\/\/agora.xtec.cat\/iescapnorfeu\/wp-content\/uploads\/usu2070\/2023\/05\/Fira-1024x1024.jpg\" alt=\"\" width=\"1024\" height=\"1024\" srcset=\"https:\/\/agora.xtec.cat\/iescapnorfeu\/wp-content\/uploads\/usu2070\/2023\/05\/Fira-1024x1024.jpg 1024w, https:\/\/agora.xtec.cat\/iescapnorfeu\/wp-content\/uploads\/usu2070\/2023\/05\/Fira-300x300.jpg 300w, https:\/\/agora.xtec.cat\/iescapnorfeu\/wp-content\/uploads\/usu2070\/2023\/05\/Fira-150x150.jpg 150w, https:\/\/agora.xtec.cat\/iescapnorfeu\/wp-content\/uploads\/usu2070\/2023\/05\/Fira-768x768.jpg 768w, https:\/\/agora.xtec.cat\/iescapnorfeu\/wp-content\/uploads\/usu2070\/2023\/05\/Fira.jpg 1200w\" sizes=\"auto, (max-width: 1024px) 100vw, 1024px\" \/><\/a><\/p>\n","protected":false},"excerpt":{"rendered":"<p>Les dues cooperatives creades pels alumnes de primer de Grau Mitj\u00e0 de Gesti\u00f3 Administrativa han participat en el mercat de la fira, juntament amb altres Instituts de la prov\u00edncia de Girona. L&#8217;activitat ha estat impulsada per l&#8217;Ateneu Cooperatiu Terres Gironines.<br \/>\nL&#8217;acte s&#8217;ha iniciat amb la presentaci\u00f3&hellip;  <a href=\"https:\/\/agora.xtec.cat\/iescapnorfeu\/general\/fira-de-cooperatives-dinstituts-gironins-18-5-23\/\" title=\"Read FIRA DE COOPERATIVES D\u2019INSTITUTS GIRONINS 18\/5\/23\">Llegeix m\u00e9s\u00bb<\/a><\/p>\n","protected":false},"author":1,"featured_media":0,"comment_status":"open","ping_status":"closed","sticky":false,"template":"","format":"standard","meta":{"_bbp_topic_count":0,"_bbp_reply_count":0,"_bbp_total_topic_count":0,"_bbp_total_reply_count":0,"_bbp_voice_count":0,"_bbp_anonymous_reply_count":0,"_bbp_topic_count_hidden":0,"_bbp_reply_count_hidden":0,"_bbp_forum_subforum_count":0,"footnotes":""},"categories":[1,29],"tags":[],"class_list":["post-3216","post","type-post","status-publish","format-standard","hentry","category-general","category-portada"],"post_mailing_queue_ids":[],"_links":{"self":[{"href":"https:\/\/agora.xtec.cat\/iescapnorfeu\/wp-json\/wp\/v2\/posts\/3216","targetHints":{"allow":["GET"]}}],"collection":[{"href":"https:\/\/agora.xtec.cat\/iescapnorfeu\/wp-json\/wp\/v2\/posts"}],"about":[{"href":"https:\/\/agora.xtec.cat\/iescapnorfeu\/wp-json\/wp\/v2\/types\/post"}],"author":[{"embeddable":true,"href":"https:\/\/agora.xtec.cat\/iescapnorfeu\/wp-json\/wp\/v2\/users\/1"}],"replies":[{"embeddable":true,"href":"https:\/\/agora.xtec.cat\/iescapnorfeu\/wp-json\/wp\/v2\/comments?post=3216"}],"version-history":[{"count":1,"href":"https:\/\/agora.xtec.cat\/iescapnorfeu\/wp-json\/wp\/v2\/posts\/3216\/revisions"}],"predecessor-version":[{"id":3218,"href":"https:\/\/agora.xtec.cat\/iescapnorfeu\/wp-json\/wp\/v2\/posts\/3216\/revisions\/3218"}],"wp:attachment":[{"href":"https:\/\/agora.xtec.cat\/iescapnorfeu\/wp-json\/wp\/v2\/media?parent=3216"}],"wp:term":[{"taxonomy":"category","embeddable":true,"href":"https:\/\/agora.xtec.cat\/iescapnorfeu\/wp-json\/wp\/v2\/categories?post=3216"},{"taxonomy":"post_tag","embeddable":true,"href":"https:\/\/agora.xtec.cat\/iescapnorfeu\/wp-json\/wp\/v2\/tags?post=3216"}],"curies":[{"name":"wp","href":"https:\/\/api.w.org\/{rel}","templated":true}]}}