{"id":3203,"date":"2023-05-13T20:40:04","date_gmt":"2023-05-13T18:40:04","guid":{"rendered":"https:\/\/agora.xtec.cat\/iescapnorfeu\/?p=3203"},"modified":"2023-05-15T17:23:56","modified_gmt":"2023-05-15T15:23:56","slug":"fira-de-la-ciencia-2023","status":"publish","type":"post","link":"https:\/\/agora.xtec.cat\/iescapnorfeu\/general\/fira-de-la-ciencia-2023\/","title":{"rendered":"FIRA DE LA CI\u00c8NCIA 2023"},"content":{"rendered":"<p style=\"text-align: justify;\">El passat dijous 11 de maig, els alumnes de 1r de Batxillerat de l&#8217;assignatura de Reptes cient\u00edfics van participar en la <em>V Jornada de la ci\u00e8ncia<\/em> de Roses. En aquesta jornada, els alumnes fan demostracions d&#8217;experiments cient\u00edfics als alumnes de 6\u00e8 de prim\u00e0ria de les diferents escoles del municipi. En aquesta edici\u00f3, el nostre Institut hi va participar amb un total de 5 experiments, repartits entre les mat\u00e8ries de F\u00edsica, Qu\u00edmica i Biologia.<br \/>\nLa jornada va ser tot un \u00e8xit i el temps ens va acompanyar en tot moment. En acabar la jornada, els alumnes van gaudir d&#8217;un taller d&#8217;experiments cient\u00edfics realitzats per investigadors de la UdG.<\/p>\n<p><a href=\"https:\/\/agora.xtec.cat\/iescapnorfeu\/wp-content\/uploads\/usu2070\/2023\/05\/IMG-20230512-WA0002.jpg\"><img loading=\"lazy\" decoding=\"async\" class=\"alignleft size-large wp-image-3204\" src=\"https:\/\/agora.xtec.cat\/iescapnorfeu\/wp-content\/uploads\/usu2070\/2023\/05\/IMG-20230512-WA0002-1024x768.jpg\" alt=\"\" width=\"1024\" height=\"768\" srcset=\"https:\/\/agora.xtec.cat\/iescapnorfeu\/wp-content\/uploads\/usu2070\/2023\/05\/IMG-20230512-WA0002-1024x768.jpg 1024w, https:\/\/agora.xtec.cat\/iescapnorfeu\/wp-content\/uploads\/usu2070\/2023\/05\/IMG-20230512-WA0002-300x225.jpg 300w, https:\/\/agora.xtec.cat\/iescapnorfeu\/wp-content\/uploads\/usu2070\/2023\/05\/IMG-20230512-WA0002-768x576.jpg 768w, https:\/\/agora.xtec.cat\/iescapnorfeu\/wp-content\/uploads\/usu2070\/2023\/05\/IMG-20230512-WA0002-1536x1152.jpg 1536w, https:\/\/agora.xtec.cat\/iescapnorfeu\/wp-content\/uploads\/usu2070\/2023\/05\/IMG-20230512-WA0002-200x150.jpg 200w, https:\/\/agora.xtec.cat\/iescapnorfeu\/wp-content\/uploads\/usu2070\/2023\/05\/IMG-20230512-WA0002.jpg 2048w\" sizes=\"auto, (max-width: 1024px) 100vw, 1024px\" \/><\/a><\/p>\n<p><a href=\"https:\/\/agora.xtec.cat\/iescapnorfeu\/wp-content\/uploads\/usu2070\/2023\/05\/FiraCiencia.jpg\"><img loading=\"lazy\" decoding=\"async\" class=\"alignleft size-large wp-image-3205\" src=\"https:\/\/agora.xtec.cat\/iescapnorfeu\/wp-content\/uploads\/usu2070\/2023\/05\/FiraCiencia-1024x1024.jpg\" alt=\"\" width=\"1024\" height=\"1024\" srcset=\"https:\/\/agora.xtec.cat\/iescapnorfeu\/wp-content\/uploads\/usu2070\/2023\/05\/FiraCiencia-1024x1024.jpg 1024w, https:\/\/agora.xtec.cat\/iescapnorfeu\/wp-content\/uploads\/usu2070\/2023\/05\/FiraCiencia-300x300.jpg 300w, https:\/\/agora.xtec.cat\/iescapnorfeu\/wp-content\/uploads\/usu2070\/2023\/05\/FiraCiencia-150x150.jpg 150w, https:\/\/agora.xtec.cat\/iescapnorfeu\/wp-content\/uploads\/usu2070\/2023\/05\/FiraCiencia-768x768.jpg 768w, https:\/\/agora.xtec.cat\/iescapnorfeu\/wp-content\/uploads\/usu2070\/2023\/05\/FiraCiencia.jpg 1200w\" sizes=\"auto, (max-width: 1024px) 100vw, 1024px\" \/><\/a><\/p>\n<p>&nbsp;<\/p>\n","protected":false},"excerpt":{"rendered":"<p>El passat dijous 11 de maig, els alumnes de 1r de Batxillerat de l&#8217;assignatura de Reptes cient\u00edfics van participar en la V Jornada de la ci\u00e8ncia de Roses. En aquesta jornada, els alumnes fan demostracions d&#8217;experiments cient\u00edfics als alumnes de 6\u00e8 de prim\u00e0ria de les&hellip;  <a href=\"https:\/\/agora.xtec.cat\/iescapnorfeu\/general\/fira-de-la-ciencia-2023\/\" title=\"Read FIRA DE LA CI\u00c8NCIA 2023\">Llegeix m\u00e9s\u00bb<\/a><\/p>\n","protected":false},"author":1,"featured_media":0,"comment_status":"open","ping_status":"closed","sticky":false,"template":"","format":"standard","meta":{"_bbp_topic_count":0,"_bbp_reply_count":0,"_bbp_total_topic_count":0,"_bbp_total_reply_count":0,"_bbp_voice_count":0,"_bbp_anonymous_reply_count":0,"_bbp_topic_count_hidden":0,"_bbp_reply_count_hidden":0,"_bbp_forum_subforum_count":0,"footnotes":""},"categories":[1,29],"tags":[],"class_list":["post-3203","post","type-post","status-publish","format-standard","hentry","category-general","category-portada"],"post_mailing_queue_ids":[],"_links":{"self":[{"href":"https:\/\/agora.xtec.cat\/iescapnorfeu\/wp-json\/wp\/v2\/posts\/3203","targetHints":{"allow":["GET"]}}],"collection":[{"href":"https:\/\/agora.xtec.cat\/iescapnorfeu\/wp-json\/wp\/v2\/posts"}],"about":[{"href":"https:\/\/agora.xtec.cat\/iescapnorfeu\/wp-json\/wp\/v2\/types\/post"}],"author":[{"embeddable":true,"href":"https:\/\/agora.xtec.cat\/iescapnorfeu\/wp-json\/wp\/v2\/users\/1"}],"replies":[{"embeddable":true,"href":"https:\/\/agora.xtec.cat\/iescapnorfeu\/wp-json\/wp\/v2\/comments?post=3203"}],"version-history":[{"count":2,"href":"https:\/\/agora.xtec.cat\/iescapnorfeu\/wp-json\/wp\/v2\/posts\/3203\/revisions"}],"predecessor-version":[{"id":3207,"href":"https:\/\/agora.xtec.cat\/iescapnorfeu\/wp-json\/wp\/v2\/posts\/3203\/revisions\/3207"}],"wp:attachment":[{"href":"https:\/\/agora.xtec.cat\/iescapnorfeu\/wp-json\/wp\/v2\/media?parent=3203"}],"wp:term":[{"taxonomy":"category","embeddable":true,"href":"https:\/\/agora.xtec.cat\/iescapnorfeu\/wp-json\/wp\/v2\/categories?post=3203"},{"taxonomy":"post_tag","embeddable":true,"href":"https:\/\/agora.xtec.cat\/iescapnorfeu\/wp-json\/wp\/v2\/tags?post=3203"}],"curies":[{"name":"wp","href":"https:\/\/api.w.org\/{rel}","templated":true}]}}