{"id":3192,"date":"2023-05-08T09:29:02","date_gmt":"2023-05-08T07:29:02","guid":{"rendered":"https:\/\/agora.xtec.cat\/iescapnorfeu\/?p=3192"},"modified":"2023-05-08T09:29:02","modified_gmt":"2023-05-08T07:29:02","slug":"sortida-transgourmet-iberica","status":"publish","type":"post","link":"https:\/\/agora.xtec.cat\/iescapnorfeu\/general\/sortida-transgourmet-iberica\/","title":{"rendered":"SORTIDA TRANSGOURMET IB\u00c8RICA"},"content":{"rendered":"<p style=\"text-align: justify;\">El passat dijous 9 de febrer el departament d\u2019Administratiu de l\u2019Institut Cap Norfeu de Roses va realitzar una sortida amb els grups de 1r i 2n de Gesti\u00f3 Administrativa i 1r d\u2019Administraci\u00f3 i finances a l\u2019empresa Transgourmet Ib\u00e9rica per tal d\u2019apropar-los al sector empresarial i que poguessin con\u00e8ixer una de les empreses de distribuci\u00f3 majorista d&#8217;alimentaci\u00f3 m\u00e9s grans a Espanya i n\u00famero 1 en facturaci\u00f3 de Girona.<br \/>\nLa visita va ser dirigida per Teia Bastons Prat, Gerent de Comunicaci\u00f3 i Jos\u00e9 Manuel Jim\u00e9nez Franco, Director de Compres. La Teia es va encarregar de la visita guiada per les instal\u2022lacions i, a m\u00e9s a m\u00e9s, un operari ens va mostrar la gesti\u00f3 del magatzem. En Jos\u00e9 Manuel ens va explicar d\u2019una forma molt din\u00e0mica i participativa com est\u00e0 organitzada la seva empresa i principalment el departament de compres; el va acompanyar Abdes Azibou, exalumne del CFGS Administraci\u00f3 i finances, el qual ens va explicar la seva traject\u00f2ria fins arribar al seu actual lloc de treball com a responsable de compres a Transgourmet.<br \/>\nDes d\u2019aqu\u00ed enviem un agra\u00efment a tot el personal implicat de Transgourmet pel seu tracte proper i cordial, aix\u00ed com esperem que els alumnes hagin tingut una experi\u00e8ncia enriquidora, la qual els permeti tenir un punt de vista professional sobre com es treballa a una multinacional, qu\u00e8 es valora i com est\u00e0 organitzada.<\/p>\n<p><a href=\"https:\/\/agora.xtec.cat\/iescapnorfeu\/wp-content\/uploads\/usu2070\/2023\/05\/Visita-a-Transgourmet-090223-6-1-scaled.jpg\"><img loading=\"lazy\" decoding=\"async\" class=\"alignleft size-large wp-image-3193\" src=\"https:\/\/agora.xtec.cat\/iescapnorfeu\/wp-content\/uploads\/usu2070\/2023\/05\/Visita-a-Transgourmet-090223-6-1-1024x768.jpg\" alt=\"\" width=\"1024\" height=\"768\" srcset=\"https:\/\/agora.xtec.cat\/iescapnorfeu\/wp-content\/uploads\/usu2070\/2023\/05\/Visita-a-Transgourmet-090223-6-1-1024x768.jpg 1024w, https:\/\/agora.xtec.cat\/iescapnorfeu\/wp-content\/uploads\/usu2070\/2023\/05\/Visita-a-Transgourmet-090223-6-1-300x225.jpg 300w, https:\/\/agora.xtec.cat\/iescapnorfeu\/wp-content\/uploads\/usu2070\/2023\/05\/Visita-a-Transgourmet-090223-6-1-768x576.jpg 768w, https:\/\/agora.xtec.cat\/iescapnorfeu\/wp-content\/uploads\/usu2070\/2023\/05\/Visita-a-Transgourmet-090223-6-1-1536x1152.jpg 1536w, https:\/\/agora.xtec.cat\/iescapnorfeu\/wp-content\/uploads\/usu2070\/2023\/05\/Visita-a-Transgourmet-090223-6-1-2048x1536.jpg 2048w, https:\/\/agora.xtec.cat\/iescapnorfeu\/wp-content\/uploads\/usu2070\/2023\/05\/Visita-a-Transgourmet-090223-6-1-200x150.jpg 200w\" sizes=\"auto, (max-width: 1024px) 100vw, 1024px\" \/><\/a><\/p>\n","protected":false},"excerpt":{"rendered":"<p>El passat dijous 9 de febrer el departament d\u2019Administratiu de l\u2019Institut Cap Norfeu de Roses va realitzar una sortida amb els grups de 1r i 2n de Gesti\u00f3 Administrativa i 1r d\u2019Administraci\u00f3 i finances a l\u2019empresa Transgourmet Ib\u00e9rica per tal d\u2019apropar-los al sector empresarial i&hellip;  <a href=\"https:\/\/agora.xtec.cat\/iescapnorfeu\/general\/sortida-transgourmet-iberica\/\" title=\"Read SORTIDA TRANSGOURMET IB\u00c8RICA\">Llegeix m\u00e9s\u00bb<\/a><\/p>\n","protected":false},"author":1,"featured_media":0,"comment_status":"open","ping_status":"closed","sticky":false,"template":"","format":"standard","meta":{"_bbp_topic_count":0,"_bbp_reply_count":0,"_bbp_total_topic_count":0,"_bbp_total_reply_count":0,"_bbp_voice_count":0,"_bbp_anonymous_reply_count":0,"_bbp_topic_count_hidden":0,"_bbp_reply_count_hidden":0,"_bbp_forum_subforum_count":0,"footnotes":""},"categories":[1,29],"tags":[],"class_list":["post-3192","post","type-post","status-publish","format-standard","hentry","category-general","category-portada"],"post_mailing_queue_ids":[],"_links":{"self":[{"href":"https:\/\/agora.xtec.cat\/iescapnorfeu\/wp-json\/wp\/v2\/posts\/3192","targetHints":{"allow":["GET"]}}],"collection":[{"href":"https:\/\/agora.xtec.cat\/iescapnorfeu\/wp-json\/wp\/v2\/posts"}],"about":[{"href":"https:\/\/agora.xtec.cat\/iescapnorfeu\/wp-json\/wp\/v2\/types\/post"}],"author":[{"embeddable":true,"href":"https:\/\/agora.xtec.cat\/iescapnorfeu\/wp-json\/wp\/v2\/users\/1"}],"replies":[{"embeddable":true,"href":"https:\/\/agora.xtec.cat\/iescapnorfeu\/wp-json\/wp\/v2\/comments?post=3192"}],"version-history":[{"count":1,"href":"https:\/\/agora.xtec.cat\/iescapnorfeu\/wp-json\/wp\/v2\/posts\/3192\/revisions"}],"predecessor-version":[{"id":3194,"href":"https:\/\/agora.xtec.cat\/iescapnorfeu\/wp-json\/wp\/v2\/posts\/3192\/revisions\/3194"}],"wp:attachment":[{"href":"https:\/\/agora.xtec.cat\/iescapnorfeu\/wp-json\/wp\/v2\/media?parent=3192"}],"wp:term":[{"taxonomy":"category","embeddable":true,"href":"https:\/\/agora.xtec.cat\/iescapnorfeu\/wp-json\/wp\/v2\/categories?post=3192"},{"taxonomy":"post_tag","embeddable":true,"href":"https:\/\/agora.xtec.cat\/iescapnorfeu\/wp-json\/wp\/v2\/tags?post=3192"}],"curies":[{"name":"wp","href":"https:\/\/api.w.org\/{rel}","templated":true}]}}